{"id":6323,"date":"2025-09-01T11:31:45","date_gmt":"2025-09-01T09:31:45","guid":{"rendered":"https:\/\/www.joseppons.net\/?p=6323"},"modified":"2025-11-05T11:34:31","modified_gmt":"2025-11-05T10:34:31","slug":"the-25-26-season-at-the-gran-teatre-del-liceu","status":"publish","type":"post","link":"https:\/\/www.joseppons.net\/en\/the-25-26-season-at-the-gran-teatre-del-liceu\/","title":{"rendered":"The 25\/26 Season at the Gran Teatre del Liceu"},"content":{"rendered":"<p data-start=\"3093\" data-end=\"3383\">The <strong data-start=\"3097\" data-end=\"3122\">Gran Teatre del Liceu<\/strong> has unveiled its <strong data-start=\"3140\" data-end=\"3160\">2025-2026 season<\/strong>, under the theme <em data-start=\"3178\" data-end=\"3200\">\u201cthe unpredictable.\u201d<\/em> This season will be particularly meaningful, as it marks <strong data-start=\"3258\" data-end=\"3315\">Josep Pons\u2019s final year as the Liceu\u2019s Music Director<\/strong>, concluding fourteen years of artistic excellence and commitment.<\/p>\n<p data-start=\"3385\" data-end=\"3532\">Throughout the season, Maestro Pons will lead <strong data-start=\"3431\" data-end=\"3467\">three major operatic productions<\/strong> and bring to completion his celebrated Mahler symphonic cycle:<\/p>\n<ul data-start=\"3533\" data-end=\"3757\">\n<li data-start=\"3533\" data-end=\"3641\">\n<p data-start=\"3535\" data-end=\"3641\"><em data-start=\"3535\" data-end=\"3561\">The Cunning Little Vixen<\/em> (<em data-start=\"3563\" data-end=\"3589\">P\u0159\u00edhody li\u0161ky Bystrou\u0161ky<\/em>) by Leo\u0161 Jan\u00e1\u010dek, which will <strong data-start=\"3619\" data-end=\"3638\">open the season<\/strong>.<\/p>\n<\/li>\n<li data-start=\"3642\" data-end=\"3681\">\n<p data-start=\"3644\" data-end=\"3681\"><em data-start=\"3644\" data-end=\"3659\">Manon Lescaut<\/em> by Giacomo Puccini.<\/p>\n<\/li>\n<li data-start=\"3682\" data-end=\"3757\">\n<p data-start=\"3684\" data-end=\"3757\"><em data-start=\"3684\" data-end=\"3694\">Falstaff<\/em> by Giuseppe Verdi, which will <strong data-start=\"3725\" data-end=\"3754\">close the operatic season<\/strong>.<\/p>\n<\/li>\n<\/ul>\n<p data-start=\"3759\" data-end=\"3971\">In addition, he will complete his exploration of <strong data-start=\"3808\" data-end=\"3846\">Gustav Mahler\u2019s symphonic universe<\/strong>, conducting the <strong data-start=\"3863\" data-end=\"3894\">Eighth and Ninth Symphonies<\/strong>, thus concluding one of the most ambitious musical projects of his tenure.<\/p>\n<p data-start=\"3973\" data-end=\"4183\">With this season, Josep Pons brings to a close a remarkable artistic chapter defined by depth, clarity, and a unique ability to connect the great symphonic and operatic repertoire with contemporary audiences.<\/p>\n","protected":false},"excerpt":{"rendered":"<p>The Gran Teatre del Liceu has unveiled its 2025-2026 season, under the theme \u201cthe unpredictable.\u201d This season will be particularly meaningful, as it marks Josep Pons\u2019s final year as the Liceu\u2019s Music Director, concluding fourteen years of artistic excellence and commitment. Throughout the season, Maestro Pons will lead three major operatic productions and bring to&hellip;&nbsp;<a href=\"https:\/\/www.joseppons.net\/en\/the-25-26-season-at-the-gran-teatre-del-liceu\/\" rel=\"bookmark\"><span class=\"screen-reader-text\">The 25\/26 Season at the Gran Teatre del Liceu<\/span><\/a><\/p>\n","protected":false},"author":2,"featured_media":6318,"comment_status":"closed","ping_status":"closed","sticky":false,"template":"","format":"standard","meta":{"_acf_changed":false,"neve_meta_sidebar":"","neve_meta_container":"","neve_meta_enable_content_width":"off","neve_meta_content_width":100,"neve_meta_title_alignment":"","neve_meta_author_avatar":"","neve_post_elements_order":"","neve_meta_disable_header":"","neve_meta_disable_footer":"","neve_meta_disable_title":"","footnotes":""},"categories":[],"tags":[],"class_list":["post-6323","post","type-post","status-publish","format-standard","has-post-thumbnail","hentry"],"acf":[],"yoast_head":"<!-- This site is optimized with the Yoast SEO plugin v26.2 - https:\/\/yoast.com\/wordpress\/plugins\/seo\/ -->\n<title>The 25\/26 Season at the Gran Teatre del Liceu | JOSEP PONS<\/title>\n<meta name=\"robots\" content=\"index, follow, max-snippet:-1, max-image-preview:large, max-video-preview:-1\" \/>\n<link rel=\"canonical\" href=\"https:\/\/www.joseppons.net\/en\/the-25-26-season-at-the-gran-teatre-del-liceu\/\" \/>\n<meta property=\"og:locale\" content=\"en_US\" \/>\n<meta property=\"og:type\" content=\"article\" \/>\n<meta property=\"og:title\" content=\"The 25\/26 Season at the Gran Teatre del Liceu | JOSEP PONS\" \/>\n<meta property=\"og:description\" content=\"The Gran Teatre del Liceu has unveiled its 2025-2026 season, under the theme \u201cthe unpredictable.\u201d This season will be particularly meaningful, as it marks Josep Pons\u2019s final year as the Liceu\u2019s Music Director, concluding fourteen years of artistic excellence and commitment. Throughout the season, Maestro Pons will lead three major operatic productions and bring to&hellip;&nbsp;The 25\/26 Season at the Gran Teatre del Liceu\" \/>\n<meta property=\"og:url\" content=\"https:\/\/www.joseppons.net\/en\/the-25-26-season-at-the-gran-teatre-del-liceu\/\" \/>\n<meta property=\"og:site_name\" content=\"JOSEP PONS\" \/>\n<meta property=\"article:publisher\" content=\"https:\/\/www.facebook.com\/people\/Josep-Pons\/\" \/>\n<meta property=\"article:published_time\" content=\"2025-09-01T09:31:45+00:00\" \/>\n<meta property=\"article:modified_time\" content=\"2025-11-05T10:34:31+00:00\" \/>\n<meta property=\"og:image\" content=\"https:\/\/www.joseppons.net\/wp-content\/uploads\/2025\/11\/Capcalera-Noticia-RDP-Temporada.jpg\" \/>\n\t<meta property=\"og:image:width\" content=\"1470\" \/>\n\t<meta property=\"og:image:height\" content=\"820\" \/>\n\t<meta property=\"og:image:type\" content=\"image\/jpeg\" \/>\n<meta name=\"author\" content=\"Amadeu Pons\" \/>\n<meta name=\"twitter:card\" content=\"summary_large_image\" \/>\n<meta name=\"twitter:label1\" content=\"Written by\" \/>\n\t<meta name=\"twitter:data1\" content=\"Amadeu Pons\" \/>\n<script type=\"application\/ld+json\" class=\"yoast-schema-graph\">{\"@context\":\"https:\/\/schema.org\",\"@graph\":[{\"@type\":\"Article\",\"@id\":\"https:\/\/www.joseppons.net\/en\/the-25-26-season-at-the-gran-teatre-del-liceu\/#article\",\"isPartOf\":{\"@id\":\"https:\/\/www.joseppons.net\/en\/the-25-26-season-at-the-gran-teatre-del-liceu\/\"},\"author\":{\"name\":\"Amadeu Pons\",\"@id\":\"https:\/\/www.joseppons.net\/en\/#\/schema\/person\/44d407be23690ad07475cef0d678fd26\"},\"headline\":\"The 25\/26 Season at the Gran Teatre del Liceu\",\"datePublished\":\"2025-09-01T09:31:45+00:00\",\"dateModified\":\"2025-11-05T10:34:31+00:00\",\"mainEntityOfPage\":{\"@id\":\"https:\/\/www.joseppons.net\/en\/the-25-26-season-at-the-gran-teatre-del-liceu\/\"},\"wordCount\":168,\"publisher\":{\"@id\":\"https:\/\/www.joseppons.net\/en\/#organization\"},\"image\":{\"@id\":\"https:\/\/www.joseppons.net\/en\/the-25-26-season-at-the-gran-teatre-del-liceu\/#primaryimage\"},\"thumbnailUrl\":\"https:\/\/www.joseppons.net\/wp-content\/uploads\/2025\/11\/Capcalera-Noticia-RDP-Temporada.jpg\",\"inLanguage\":\"en-US\"},{\"@type\":\"WebPage\",\"@id\":\"https:\/\/www.joseppons.net\/en\/the-25-26-season-at-the-gran-teatre-del-liceu\/\",\"url\":\"https:\/\/www.joseppons.net\/en\/the-25-26-season-at-the-gran-teatre-del-liceu\/\",\"name\":\"The 25\/26 Season at the Gran Teatre del Liceu | JOSEP PONS\",\"isPartOf\":{\"@id\":\"https:\/\/www.joseppons.net\/en\/#website\"},\"primaryImageOfPage\":{\"@id\":\"https:\/\/www.joseppons.net\/en\/the-25-26-season-at-the-gran-teatre-del-liceu\/#primaryimage\"},\"image\":{\"@id\":\"https:\/\/www.joseppons.net\/en\/the-25-26-season-at-the-gran-teatre-del-liceu\/#primaryimage\"},\"thumbnailUrl\":\"https:\/\/www.joseppons.net\/wp-content\/uploads\/2025\/11\/Capcalera-Noticia-RDP-Temporada.jpg\",\"datePublished\":\"2025-09-01T09:31:45+00:00\",\"dateModified\":\"2025-11-05T10:34:31+00:00\",\"breadcrumb\":{\"@id\":\"https:\/\/www.joseppons.net\/en\/the-25-26-season-at-the-gran-teatre-del-liceu\/#breadcrumb\"},\"inLanguage\":\"en-US\",\"potentialAction\":[{\"@type\":\"ReadAction\",\"target\":[\"https:\/\/www.joseppons.net\/en\/the-25-26-season-at-the-gran-teatre-del-liceu\/\"]}]},{\"@type\":\"ImageObject\",\"inLanguage\":\"en-US\",\"@id\":\"https:\/\/www.joseppons.net\/en\/the-25-26-season-at-the-gran-teatre-del-liceu\/#primaryimage\",\"url\":\"https:\/\/www.joseppons.net\/wp-content\/uploads\/2025\/11\/Capcalera-Noticia-RDP-Temporada.jpg\",\"contentUrl\":\"https:\/\/www.joseppons.net\/wp-content\/uploads\/2025\/11\/Capcalera-Noticia-RDP-Temporada.jpg\",\"width\":1470,\"height\":820},{\"@type\":\"BreadcrumbList\",\"@id\":\"https:\/\/www.joseppons.net\/en\/the-25-26-season-at-the-gran-teatre-del-liceu\/#breadcrumb\",\"itemListElement\":[{\"@type\":\"ListItem\",\"position\":1,\"name\":\"Inici\",\"item\":\"https:\/\/www.joseppons.net\/en\/\"},{\"@type\":\"ListItem\",\"position\":2,\"name\":\"The 25\/26 Season at the Gran Teatre del Liceu\"}]},{\"@type\":\"WebSite\",\"@id\":\"https:\/\/www.joseppons.net\/en\/#website\",\"url\":\"https:\/\/www.joseppons.net\/en\/\",\"name\":\"JOSEP PONS\",\"description\":\"Comprom\u00e8s amb la m\u00fasica\",\"publisher\":{\"@id\":\"https:\/\/www.joseppons.net\/en\/#organization\"},\"alternateName\":\"JOSEP PONS\",\"potentialAction\":[{\"@type\":\"SearchAction\",\"target\":{\"@type\":\"EntryPoint\",\"urlTemplate\":\"https:\/\/www.joseppons.net\/en\/?s={search_term_string}\"},\"query-input\":{\"@type\":\"PropertyValueSpecification\",\"valueRequired\":true,\"valueName\":\"search_term_string\"}}],\"inLanguage\":\"en-US\"},{\"@type\":\"Organization\",\"@id\":\"https:\/\/www.joseppons.net\/en\/#organization\",\"name\":\"JOSEP PONS\",\"alternateName\":\"JOSEP PONS\",\"url\":\"https:\/\/www.joseppons.net\/en\/\",\"logo\":{\"@type\":\"ImageObject\",\"inLanguage\":\"en-US\",\"@id\":\"https:\/\/www.joseppons.net\/en\/#\/schema\/logo\/image\/\",\"url\":\"https:\/\/www.joseppons.net\/wp-content\/uploads\/2025\/06\/cropped-favicon-jp.png\",\"contentUrl\":\"https:\/\/www.joseppons.net\/wp-content\/uploads\/2025\/06\/cropped-favicon-jp.png\",\"width\":512,\"height\":512,\"caption\":\"JOSEP PONS\"},\"image\":{\"@id\":\"https:\/\/www.joseppons.net\/en\/#\/schema\/logo\/image\/\"},\"sameAs\":[\"https:\/\/www.facebook.com\/people\/Josep-Pons\/\",\"https:\/\/www.instagram.com\/josepponsconductor\/\",\"https:\/\/x.com\/ConductorPons\",\"https:\/\/open.spotify.com\/artist\/1TlFTSPL1hXKUTjHIqqFvV\",\"https:\/\/music.apple.com\/es\/artist\/josep-pons\/205799774\"]},{\"@type\":\"Person\",\"@id\":\"https:\/\/www.joseppons.net\/en\/#\/schema\/person\/44d407be23690ad07475cef0d678fd26\",\"name\":\"Amadeu Pons\",\"image\":{\"@type\":\"ImageObject\",\"inLanguage\":\"en-US\",\"@id\":\"https:\/\/www.joseppons.net\/en\/#\/schema\/person\/image\/\",\"url\":\"https:\/\/secure.gravatar.com\/avatar\/078038e762010f124d375175896abb6bf034ab0d68d04c21c95806849bf0b094?s=96&d=mm&r=g\",\"contentUrl\":\"https:\/\/secure.gravatar.com\/avatar\/078038e762010f124d375175896abb6bf034ab0d68d04c21c95806849bf0b094?s=96&d=mm&r=g\",\"caption\":\"Amadeu Pons\"}}]}<\/script>\n<!-- \/ Yoast SEO plugin. -->","yoast_head_json":{"title":"The 25\/26 Season at the Gran Teatre del Liceu | JOSEP PONS","robots":{"index":"index","follow":"follow","max-snippet":"max-snippet:-1","max-image-preview":"max-image-preview:large","max-video-preview":"max-video-preview:-1"},"canonical":"https:\/\/www.joseppons.net\/en\/the-25-26-season-at-the-gran-teatre-del-liceu\/","og_locale":"en_US","og_type":"article","og_title":"The 25\/26 Season at the Gran Teatre del Liceu | JOSEP PONS","og_description":"The Gran Teatre del Liceu has unveiled its 2025-2026 season, under the theme \u201cthe unpredictable.\u201d This season will be particularly meaningful, as it marks Josep Pons\u2019s final year as the Liceu\u2019s Music Director, concluding fourteen years of artistic excellence and commitment. Throughout the season, Maestro Pons will lead three major operatic productions and bring to&hellip;&nbsp;The 25\/26 Season at the Gran Teatre del Liceu","og_url":"https:\/\/www.joseppons.net\/en\/the-25-26-season-at-the-gran-teatre-del-liceu\/","og_site_name":"JOSEP PONS","article_publisher":"https:\/\/www.facebook.com\/people\/Josep-Pons\/","article_published_time":"2025-09-01T09:31:45+00:00","article_modified_time":"2025-11-05T10:34:31+00:00","og_image":[{"width":1470,"height":820,"url":"https:\/\/www.joseppons.net\/wp-content\/uploads\/2025\/11\/Capcalera-Noticia-RDP-Temporada.jpg","type":"image\/jpeg"}],"author":"Amadeu Pons","twitter_card":"summary_large_image","twitter_misc":{"Written by":"Amadeu Pons"},"schema":{"@context":"https:\/\/schema.org","@graph":[{"@type":"Article","@id":"https:\/\/www.joseppons.net\/en\/the-25-26-season-at-the-gran-teatre-del-liceu\/#article","isPartOf":{"@id":"https:\/\/www.joseppons.net\/en\/the-25-26-season-at-the-gran-teatre-del-liceu\/"},"author":{"name":"Amadeu Pons","@id":"https:\/\/www.joseppons.net\/en\/#\/schema\/person\/44d407be23690ad07475cef0d678fd26"},"headline":"The 25\/26 Season at the Gran Teatre del Liceu","datePublished":"2025-09-01T09:31:45+00:00","dateModified":"2025-11-05T10:34:31+00:00","mainEntityOfPage":{"@id":"https:\/\/www.joseppons.net\/en\/the-25-26-season-at-the-gran-teatre-del-liceu\/"},"wordCount":168,"publisher":{"@id":"https:\/\/www.joseppons.net\/en\/#organization"},"image":{"@id":"https:\/\/www.joseppons.net\/en\/the-25-26-season-at-the-gran-teatre-del-liceu\/#primaryimage"},"thumbnailUrl":"https:\/\/www.joseppons.net\/wp-content\/uploads\/2025\/11\/Capcalera-Noticia-RDP-Temporada.jpg","inLanguage":"en-US"},{"@type":"WebPage","@id":"https:\/\/www.joseppons.net\/en\/the-25-26-season-at-the-gran-teatre-del-liceu\/","url":"https:\/\/www.joseppons.net\/en\/the-25-26-season-at-the-gran-teatre-del-liceu\/","name":"The 25\/26 Season at the Gran Teatre del Liceu | JOSEP PONS","isPartOf":{"@id":"https:\/\/www.joseppons.net\/en\/#website"},"primaryImageOfPage":{"@id":"https:\/\/www.joseppons.net\/en\/the-25-26-season-at-the-gran-teatre-del-liceu\/#primaryimage"},"image":{"@id":"https:\/\/www.joseppons.net\/en\/the-25-26-season-at-the-gran-teatre-del-liceu\/#primaryimage"},"thumbnailUrl":"https:\/\/www.joseppons.net\/wp-content\/uploads\/2025\/11\/Capcalera-Noticia-RDP-Temporada.jpg","datePublished":"2025-09-01T09:31:45+00:00","dateModified":"2025-11-05T10:34:31+00:00","breadcrumb":{"@id":"https:\/\/www.joseppons.net\/en\/the-25-26-season-at-the-gran-teatre-del-liceu\/#breadcrumb"},"inLanguage":"en-US","potentialAction":[{"@type":"ReadAction","target":["https:\/\/www.joseppons.net\/en\/the-25-26-season-at-the-gran-teatre-del-liceu\/"]}]},{"@type":"ImageObject","inLanguage":"en-US","@id":"https:\/\/www.joseppons.net\/en\/the-25-26-season-at-the-gran-teatre-del-liceu\/#primaryimage","url":"https:\/\/www.joseppons.net\/wp-content\/uploads\/2025\/11\/Capcalera-Noticia-RDP-Temporada.jpg","contentUrl":"https:\/\/www.joseppons.net\/wp-content\/uploads\/2025\/11\/Capcalera-Noticia-RDP-Temporada.jpg","width":1470,"height":820},{"@type":"BreadcrumbList","@id":"https:\/\/www.joseppons.net\/en\/the-25-26-season-at-the-gran-teatre-del-liceu\/#breadcrumb","itemListElement":[{"@type":"ListItem","position":1,"name":"Inici","item":"https:\/\/www.joseppons.net\/en\/"},{"@type":"ListItem","position":2,"name":"The 25\/26 Season at the Gran Teatre del Liceu"}]},{"@type":"WebSite","@id":"https:\/\/www.joseppons.net\/en\/#website","url":"https:\/\/www.joseppons.net\/en\/","name":"JOSEP PONS","description":"Comprom\u00e8s amb la m\u00fasica","publisher":{"@id":"https:\/\/www.joseppons.net\/en\/#organization"},"alternateName":"JOSEP PONS","potentialAction":[{"@type":"SearchAction","target":{"@type":"EntryPoint","urlTemplate":"https:\/\/www.joseppons.net\/en\/?s={search_term_string}"},"query-input":{"@type":"PropertyValueSpecification","valueRequired":true,"valueName":"search_term_string"}}],"inLanguage":"en-US"},{"@type":"Organization","@id":"https:\/\/www.joseppons.net\/en\/#organization","name":"JOSEP PONS","alternateName":"JOSEP PONS","url":"https:\/\/www.joseppons.net\/en\/","logo":{"@type":"ImageObject","inLanguage":"en-US","@id":"https:\/\/www.joseppons.net\/en\/#\/schema\/logo\/image\/","url":"https:\/\/www.joseppons.net\/wp-content\/uploads\/2025\/06\/cropped-favicon-jp.png","contentUrl":"https:\/\/www.joseppons.net\/wp-content\/uploads\/2025\/06\/cropped-favicon-jp.png","width":512,"height":512,"caption":"JOSEP PONS"},"image":{"@id":"https:\/\/www.joseppons.net\/en\/#\/schema\/logo\/image\/"},"sameAs":["https:\/\/www.facebook.com\/people\/Josep-Pons\/","https:\/\/www.instagram.com\/josepponsconductor\/","https:\/\/x.com\/ConductorPons","https:\/\/open.spotify.com\/artist\/1TlFTSPL1hXKUTjHIqqFvV","https:\/\/music.apple.com\/es\/artist\/josep-pons\/205799774"]},{"@type":"Person","@id":"https:\/\/www.joseppons.net\/en\/#\/schema\/person\/44d407be23690ad07475cef0d678fd26","name":"Amadeu Pons","image":{"@type":"ImageObject","inLanguage":"en-US","@id":"https:\/\/www.joseppons.net\/en\/#\/schema\/person\/image\/","url":"https:\/\/secure.gravatar.com\/avatar\/078038e762010f124d375175896abb6bf034ab0d68d04c21c95806849bf0b094?s=96&d=mm&r=g","contentUrl":"https:\/\/secure.gravatar.com\/avatar\/078038e762010f124d375175896abb6bf034ab0d68d04c21c95806849bf0b094?s=96&d=mm&r=g","caption":"Amadeu Pons"}}]}},"_links":{"self":[{"href":"https:\/\/www.joseppons.net\/en\/wp-json\/wp\/v2\/posts\/6323","targetHints":{"allow":["GET"]}}],"collection":[{"href":"https:\/\/www.joseppons.net\/en\/wp-json\/wp\/v2\/posts"}],"about":[{"href":"https:\/\/www.joseppons.net\/en\/wp-json\/wp\/v2\/types\/post"}],"author":[{"embeddable":true,"href":"https:\/\/www.joseppons.net\/en\/wp-json\/wp\/v2\/users\/2"}],"replies":[{"embeddable":true,"href":"https:\/\/www.joseppons.net\/en\/wp-json\/wp\/v2\/comments?post=6323"}],"version-history":[{"count":1,"href":"https:\/\/www.joseppons.net\/en\/wp-json\/wp\/v2\/posts\/6323\/revisions"}],"predecessor-version":[{"id":6324,"href":"https:\/\/www.joseppons.net\/en\/wp-json\/wp\/v2\/posts\/6323\/revisions\/6324"}],"wp:featuredmedia":[{"embeddable":true,"href":"https:\/\/www.joseppons.net\/en\/wp-json\/wp\/v2\/media\/6318"}],"wp:attachment":[{"href":"https:\/\/www.joseppons.net\/en\/wp-json\/wp\/v2\/media?parent=6323"}],"wp:term":[{"taxonomy":"category","embeddable":true,"href":"https:\/\/www.joseppons.net\/en\/wp-json\/wp\/v2\/categories?post=6323"},{"taxonomy":"post_tag","embeddable":true,"href":"https:\/\/www.joseppons.net\/en\/wp-json\/wp\/v2\/tags?post=6323"}],"curies":[{"name":"wp","href":"https:\/\/api.w.org\/{rel}","templated":true}]}}