{"id":6352,"date":"2025-09-15T11:53:30","date_gmt":"2025-09-15T09:53:30","guid":{"rendered":"https:\/\/www.joseppons.net\/?p=6352"},"modified":"2025-12-02T09:49:27","modified_gmt":"2025-12-02T08:49:27","slug":"the-liceu-opens-its-2025-26-season-with-the-cunning-little-vixen","status":"publish","type":"post","link":"https:\/\/www.joseppons.net\/en\/the-liceu-opens-its-2025-26-season-with-the-cunning-little-vixen\/","title":{"rendered":"The Liceu opens its 2025-26 season with The Cunning Little Vixen"},"content":{"rendered":"<p data-start=\"2205\" data-end=\"2395\">The <strong data-start=\"2209\" data-end=\"2234\">Gran Teatre del Liceu<\/strong> opens its <strong data-start=\"2245\" data-end=\"2258\">2025-2026<\/strong> season with a production of <em data-start=\"2287\" data-end=\"2317\"><strong data-start=\"2288\" data-end=\"2316\">The Cunning Little Vixen<\/strong><\/em> by <strong data-start=\"2321\" data-end=\"2337\">Leo\u0161 Jan\u00e1\u010dek<\/strong>, under the <strong data-start=\"2349\" data-end=\"2392\">musical direction of Maestro Josep Pons<\/strong>.<\/p>\n<p data-start=\"2397\" data-end=\"2588\">The staging, created by <strong data-start=\"2421\" data-end=\"2437\">Barrie Kosky<\/strong> (restaged by <strong data-start=\"2451\" data-end=\"2470\">Andreas Weirich<\/strong>), explores the <strong data-start=\"2486\" data-end=\"2514\">cycle of life and nature<\/strong>, presented <strong data-start=\"2526\" data-end=\"2550\">without intermission<\/strong> in a <strong data-start=\"2556\" data-end=\"2585\">concise 90-minute version<\/strong>.<\/p>\n<p data-start=\"2590\" data-end=\"2749\">For <strong data-start=\"2594\" data-end=\"2608\">Josep Pons<\/strong>, conducting this work is \u201c<strong data-start=\"2635\" data-end=\"2662\">a fascinating adventure<\/strong>,\u201d noting that \u201c<strong data-start=\"2678\" data-end=\"2745\">Jan\u00e1\u010dek was a genius who fused music with the essence of nature<\/strong>.\u201d<\/p>\n<p data-start=\"2751\" data-end=\"2970\">With this opening, the <strong data-start=\"2774\" data-end=\"2783\">Liceu<\/strong> launches a season that combines <strong data-start=\"2816\" data-end=\"2834\">artistic depth<\/strong>, <strong data-start=\"2836\" data-end=\"2853\">accessibility<\/strong>, and <strong data-start=\"2859\" data-end=\"2900\">a strong connection with the audience<\/strong>, marking the final stage of Pons\u2019s tenure as <strong data-start=\"2946\" data-end=\"2969\">principal conductor<\/strong>.<\/p>\n","protected":false},"excerpt":{"rendered":"<p>The Gran Teatre del Liceu opens its 2025-2026 season with a production of The Cunning Little Vixen by Leo\u0161 Jan\u00e1\u010dek, under the musical direction of Maestro Josep Pons. The staging, created by Barrie Kosky (restaged by Andreas Weirich), explores the cycle of life and nature, presented without intermission in a concise 90-minute version. For Josep&hellip;&nbsp;<a href=\"https:\/\/www.joseppons.net\/en\/the-liceu-opens-its-2025-26-season-with-the-cunning-little-vixen\/\" rel=\"bookmark\"><span class=\"screen-reader-text\">The Liceu opens its 2025-26 season with The Cunning Little Vixen<\/span><\/a><\/p>\n","protected":false},"author":2,"featured_media":6344,"comment_status":"closed","ping_status":"closed","sticky":false,"template":"","format":"standard","meta":{"_acf_changed":false,"neve_meta_sidebar":"","neve_meta_container":"","neve_meta_enable_content_width":"off","neve_meta_content_width":100,"neve_meta_title_alignment":"","neve_meta_author_avatar":"","neve_post_elements_order":"","neve_meta_disable_header":"","neve_meta_disable_footer":"","neve_meta_disable_title":"","footnotes":""},"categories":[],"tags":[],"class_list":["post-6352","post","type-post","status-publish","format-standard","has-post-thumbnail","hentry"],"acf":[],"yoast_head":"<!-- This site is optimized with the Yoast SEO plugin v26.2 - https:\/\/yoast.com\/wordpress\/plugins\/seo\/ -->\n<title>The Liceu opens its 2025-26 season with The Cunning Little Vixen | JOSEP PONS<\/title>\n<meta name=\"robots\" content=\"index, follow, max-snippet:-1, max-image-preview:large, max-video-preview:-1\" \/>\n<link rel=\"canonical\" href=\"https:\/\/www.joseppons.net\/en\/the-liceu-opens-its-2025-26-season-with-the-cunning-little-vixen\/\" \/>\n<meta property=\"og:locale\" content=\"en_US\" \/>\n<meta property=\"og:type\" content=\"article\" \/>\n<meta property=\"og:title\" content=\"The Liceu opens its 2025-26 season with The Cunning Little Vixen | JOSEP PONS\" \/>\n<meta property=\"og:description\" content=\"The Gran Teatre del Liceu opens its 2025-2026 season with a production of The Cunning Little Vixen by Leo\u0161 Jan\u00e1\u010dek, under the musical direction of Maestro Josep Pons. The staging, created by Barrie Kosky (restaged by Andreas Weirich), explores the cycle of life and nature, presented without intermission in a concise 90-minute version. For Josep&hellip;&nbsp;The Liceu opens its 2025-26 season with The Cunning Little Vixen\" \/>\n<meta property=\"og:url\" content=\"https:\/\/www.joseppons.net\/en\/the-liceu-opens-its-2025-26-season-with-the-cunning-little-vixen\/\" \/>\n<meta property=\"og:site_name\" content=\"JOSEP PONS\" \/>\n<meta property=\"article:publisher\" content=\"https:\/\/www.facebook.com\/people\/Josep-Pons\/\" \/>\n<meta property=\"article:published_time\" content=\"2025-09-15T09:53:30+00:00\" \/>\n<meta property=\"article:modified_time\" content=\"2025-12-02T08:49:27+00:00\" \/>\n<meta property=\"og:image\" content=\"https:\/\/www.joseppons.net\/wp-content\/uploads\/2025\/11\/K3BJRBUJQBBILBNDN7ZSMJMVNE.jpg\" \/>\n\t<meta property=\"og:image:width\" content=\"1960\" \/>\n\t<meta property=\"og:image:height\" content=\"1187\" \/>\n\t<meta property=\"og:image:type\" content=\"image\/jpeg\" \/>\n<meta name=\"author\" content=\"Amadeu Pons\" \/>\n<meta name=\"twitter:card\" content=\"summary_large_image\" \/>\n<meta name=\"twitter:label1\" content=\"Written by\" \/>\n\t<meta name=\"twitter:data1\" content=\"Amadeu Pons\" \/>\n\t<meta name=\"twitter:label2\" content=\"Est. reading time\" \/>\n\t<meta name=\"twitter:data2\" content=\"1 minute\" \/>\n<script type=\"application\/ld+json\" class=\"yoast-schema-graph\">{\"@context\":\"https:\/\/schema.org\",\"@graph\":[{\"@type\":\"Article\",\"@id\":\"https:\/\/www.joseppons.net\/en\/the-liceu-opens-its-2025-26-season-with-the-cunning-little-vixen\/#article\",\"isPartOf\":{\"@id\":\"https:\/\/www.joseppons.net\/en\/the-liceu-opens-its-2025-26-season-with-the-cunning-little-vixen\/\"},\"author\":{\"name\":\"Amadeu Pons\",\"@id\":\"https:\/\/www.joseppons.net\/en\/#\/schema\/person\/44d407be23690ad07475cef0d678fd26\"},\"headline\":\"The Liceu opens its 2025-26 season with The Cunning Little Vixen\",\"datePublished\":\"2025-09-15T09:53:30+00:00\",\"dateModified\":\"2025-12-02T08:49:27+00:00\",\"mainEntityOfPage\":{\"@id\":\"https:\/\/www.joseppons.net\/en\/the-liceu-opens-its-2025-26-season-with-the-cunning-little-vixen\/\"},\"wordCount\":121,\"publisher\":{\"@id\":\"https:\/\/www.joseppons.net\/en\/#organization\"},\"image\":{\"@id\":\"https:\/\/www.joseppons.net\/en\/the-liceu-opens-its-2025-26-season-with-the-cunning-little-vixen\/#primaryimage\"},\"thumbnailUrl\":\"https:\/\/www.joseppons.net\/wp-content\/uploads\/2025\/11\/K3BJRBUJQBBILBNDN7ZSMJMVNE.jpg\",\"inLanguage\":\"en-US\"},{\"@type\":\"WebPage\",\"@id\":\"https:\/\/www.joseppons.net\/en\/the-liceu-opens-its-2025-26-season-with-the-cunning-little-vixen\/\",\"url\":\"https:\/\/www.joseppons.net\/en\/the-liceu-opens-its-2025-26-season-with-the-cunning-little-vixen\/\",\"name\":\"The Liceu opens its 2025-26 season with The Cunning Little Vixen | JOSEP PONS\",\"isPartOf\":{\"@id\":\"https:\/\/www.joseppons.net\/en\/#website\"},\"primaryImageOfPage\":{\"@id\":\"https:\/\/www.joseppons.net\/en\/the-liceu-opens-its-2025-26-season-with-the-cunning-little-vixen\/#primaryimage\"},\"image\":{\"@id\":\"https:\/\/www.joseppons.net\/en\/the-liceu-opens-its-2025-26-season-with-the-cunning-little-vixen\/#primaryimage\"},\"thumbnailUrl\":\"https:\/\/www.joseppons.net\/wp-content\/uploads\/2025\/11\/K3BJRBUJQBBILBNDN7ZSMJMVNE.jpg\",\"datePublished\":\"2025-09-15T09:53:30+00:00\",\"dateModified\":\"2025-12-02T08:49:27+00:00\",\"breadcrumb\":{\"@id\":\"https:\/\/www.joseppons.net\/en\/the-liceu-opens-its-2025-26-season-with-the-cunning-little-vixen\/#breadcrumb\"},\"inLanguage\":\"en-US\",\"potentialAction\":[{\"@type\":\"ReadAction\",\"target\":[\"https:\/\/www.joseppons.net\/en\/the-liceu-opens-its-2025-26-season-with-the-cunning-little-vixen\/\"]}]},{\"@type\":\"ImageObject\",\"inLanguage\":\"en-US\",\"@id\":\"https:\/\/www.joseppons.net\/en\/the-liceu-opens-its-2025-26-season-with-the-cunning-little-vixen\/#primaryimage\",\"url\":\"https:\/\/www.joseppons.net\/wp-content\/uploads\/2025\/11\/K3BJRBUJQBBILBNDN7ZSMJMVNE.jpg\",\"contentUrl\":\"https:\/\/www.joseppons.net\/wp-content\/uploads\/2025\/11\/K3BJRBUJQBBILBNDN7ZSMJMVNE.jpg\",\"width\":1960,\"height\":1187},{\"@type\":\"BreadcrumbList\",\"@id\":\"https:\/\/www.joseppons.net\/en\/the-liceu-opens-its-2025-26-season-with-the-cunning-little-vixen\/#breadcrumb\",\"itemListElement\":[{\"@type\":\"ListItem\",\"position\":1,\"name\":\"Inici\",\"item\":\"https:\/\/www.joseppons.net\/en\/\"},{\"@type\":\"ListItem\",\"position\":2,\"name\":\"The Liceu opens its 2025-26 season with The Cunning Little Vixen\"}]},{\"@type\":\"WebSite\",\"@id\":\"https:\/\/www.joseppons.net\/en\/#website\",\"url\":\"https:\/\/www.joseppons.net\/en\/\",\"name\":\"JOSEP PONS\",\"description\":\"Comprom\u00e8s amb la m\u00fasica\",\"publisher\":{\"@id\":\"https:\/\/www.joseppons.net\/en\/#organization\"},\"alternateName\":\"JOSEP PONS\",\"potentialAction\":[{\"@type\":\"SearchAction\",\"target\":{\"@type\":\"EntryPoint\",\"urlTemplate\":\"https:\/\/www.joseppons.net\/en\/?s={search_term_string}\"},\"query-input\":{\"@type\":\"PropertyValueSpecification\",\"valueRequired\":true,\"valueName\":\"search_term_string\"}}],\"inLanguage\":\"en-US\"},{\"@type\":\"Organization\",\"@id\":\"https:\/\/www.joseppons.net\/en\/#organization\",\"name\":\"JOSEP PONS\",\"alternateName\":\"JOSEP PONS\",\"url\":\"https:\/\/www.joseppons.net\/en\/\",\"logo\":{\"@type\":\"ImageObject\",\"inLanguage\":\"en-US\",\"@id\":\"https:\/\/www.joseppons.net\/en\/#\/schema\/logo\/image\/\",\"url\":\"https:\/\/www.joseppons.net\/wp-content\/uploads\/2025\/06\/cropped-favicon-jp.png\",\"contentUrl\":\"https:\/\/www.joseppons.net\/wp-content\/uploads\/2025\/06\/cropped-favicon-jp.png\",\"width\":512,\"height\":512,\"caption\":\"JOSEP PONS\"},\"image\":{\"@id\":\"https:\/\/www.joseppons.net\/en\/#\/schema\/logo\/image\/\"},\"sameAs\":[\"https:\/\/www.facebook.com\/people\/Josep-Pons\/\",\"https:\/\/www.instagram.com\/josepponsconductor\/\",\"https:\/\/x.com\/ConductorPons\",\"https:\/\/open.spotify.com\/artist\/1TlFTSPL1hXKUTjHIqqFvV\",\"https:\/\/music.apple.com\/es\/artist\/josep-pons\/205799774\"]},{\"@type\":\"Person\",\"@id\":\"https:\/\/www.joseppons.net\/en\/#\/schema\/person\/44d407be23690ad07475cef0d678fd26\",\"name\":\"Amadeu Pons\",\"image\":{\"@type\":\"ImageObject\",\"inLanguage\":\"en-US\",\"@id\":\"https:\/\/www.joseppons.net\/en\/#\/schema\/person\/image\/\",\"url\":\"https:\/\/secure.gravatar.com\/avatar\/078038e762010f124d375175896abb6bf034ab0d68d04c21c95806849bf0b094?s=96&d=mm&r=g\",\"contentUrl\":\"https:\/\/secure.gravatar.com\/avatar\/078038e762010f124d375175896abb6bf034ab0d68d04c21c95806849bf0b094?s=96&d=mm&r=g\",\"caption\":\"Amadeu Pons\"}}]}<\/script>\n<!-- \/ Yoast SEO plugin. -->","yoast_head_json":{"title":"The Liceu opens its 2025-26 season with The Cunning Little Vixen | JOSEP PONS","robots":{"index":"index","follow":"follow","max-snippet":"max-snippet:-1","max-image-preview":"max-image-preview:large","max-video-preview":"max-video-preview:-1"},"canonical":"https:\/\/www.joseppons.net\/en\/the-liceu-opens-its-2025-26-season-with-the-cunning-little-vixen\/","og_locale":"en_US","og_type":"article","og_title":"The Liceu opens its 2025-26 season with The Cunning Little Vixen | JOSEP PONS","og_description":"The Gran Teatre del Liceu opens its 2025-2026 season with a production of The Cunning Little Vixen by Leo\u0161 Jan\u00e1\u010dek, under the musical direction of Maestro Josep Pons. The staging, created by Barrie Kosky (restaged by Andreas Weirich), explores the cycle of life and nature, presented without intermission in a concise 90-minute version. For Josep&hellip;&nbsp;The Liceu opens its 2025-26 season with The Cunning Little Vixen","og_url":"https:\/\/www.joseppons.net\/en\/the-liceu-opens-its-2025-26-season-with-the-cunning-little-vixen\/","og_site_name":"JOSEP PONS","article_publisher":"https:\/\/www.facebook.com\/people\/Josep-Pons\/","article_published_time":"2025-09-15T09:53:30+00:00","article_modified_time":"2025-12-02T08:49:27+00:00","og_image":[{"width":1960,"height":1187,"url":"https:\/\/www.joseppons.net\/wp-content\/uploads\/2025\/11\/K3BJRBUJQBBILBNDN7ZSMJMVNE.jpg","type":"image\/jpeg"}],"author":"Amadeu Pons","twitter_card":"summary_large_image","twitter_misc":{"Written by":"Amadeu Pons","Est. reading time":"1 minute"},"schema":{"@context":"https:\/\/schema.org","@graph":[{"@type":"Article","@id":"https:\/\/www.joseppons.net\/en\/the-liceu-opens-its-2025-26-season-with-the-cunning-little-vixen\/#article","isPartOf":{"@id":"https:\/\/www.joseppons.net\/en\/the-liceu-opens-its-2025-26-season-with-the-cunning-little-vixen\/"},"author":{"name":"Amadeu Pons","@id":"https:\/\/www.joseppons.net\/en\/#\/schema\/person\/44d407be23690ad07475cef0d678fd26"},"headline":"The Liceu opens its 2025-26 season with The Cunning Little Vixen","datePublished":"2025-09-15T09:53:30+00:00","dateModified":"2025-12-02T08:49:27+00:00","mainEntityOfPage":{"@id":"https:\/\/www.joseppons.net\/en\/the-liceu-opens-its-2025-26-season-with-the-cunning-little-vixen\/"},"wordCount":121,"publisher":{"@id":"https:\/\/www.joseppons.net\/en\/#organization"},"image":{"@id":"https:\/\/www.joseppons.net\/en\/the-liceu-opens-its-2025-26-season-with-the-cunning-little-vixen\/#primaryimage"},"thumbnailUrl":"https:\/\/www.joseppons.net\/wp-content\/uploads\/2025\/11\/K3BJRBUJQBBILBNDN7ZSMJMVNE.jpg","inLanguage":"en-US"},{"@type":"WebPage","@id":"https:\/\/www.joseppons.net\/en\/the-liceu-opens-its-2025-26-season-with-the-cunning-little-vixen\/","url":"https:\/\/www.joseppons.net\/en\/the-liceu-opens-its-2025-26-season-with-the-cunning-little-vixen\/","name":"The Liceu opens its 2025-26 season with The Cunning Little Vixen | JOSEP PONS","isPartOf":{"@id":"https:\/\/www.joseppons.net\/en\/#website"},"primaryImageOfPage":{"@id":"https:\/\/www.joseppons.net\/en\/the-liceu-opens-its-2025-26-season-with-the-cunning-little-vixen\/#primaryimage"},"image":{"@id":"https:\/\/www.joseppons.net\/en\/the-liceu-opens-its-2025-26-season-with-the-cunning-little-vixen\/#primaryimage"},"thumbnailUrl":"https:\/\/www.joseppons.net\/wp-content\/uploads\/2025\/11\/K3BJRBUJQBBILBNDN7ZSMJMVNE.jpg","datePublished":"2025-09-15T09:53:30+00:00","dateModified":"2025-12-02T08:49:27+00:00","breadcrumb":{"@id":"https:\/\/www.joseppons.net\/en\/the-liceu-opens-its-2025-26-season-with-the-cunning-little-vixen\/#breadcrumb"},"inLanguage":"en-US","potentialAction":[{"@type":"ReadAction","target":["https:\/\/www.joseppons.net\/en\/the-liceu-opens-its-2025-26-season-with-the-cunning-little-vixen\/"]}]},{"@type":"ImageObject","inLanguage":"en-US","@id":"https:\/\/www.joseppons.net\/en\/the-liceu-opens-its-2025-26-season-with-the-cunning-little-vixen\/#primaryimage","url":"https:\/\/www.joseppons.net\/wp-content\/uploads\/2025\/11\/K3BJRBUJQBBILBNDN7ZSMJMVNE.jpg","contentUrl":"https:\/\/www.joseppons.net\/wp-content\/uploads\/2025\/11\/K3BJRBUJQBBILBNDN7ZSMJMVNE.jpg","width":1960,"height":1187},{"@type":"BreadcrumbList","@id":"https:\/\/www.joseppons.net\/en\/the-liceu-opens-its-2025-26-season-with-the-cunning-little-vixen\/#breadcrumb","itemListElement":[{"@type":"ListItem","position":1,"name":"Inici","item":"https:\/\/www.joseppons.net\/en\/"},{"@type":"ListItem","position":2,"name":"The Liceu opens its 2025-26 season with The Cunning Little Vixen"}]},{"@type":"WebSite","@id":"https:\/\/www.joseppons.net\/en\/#website","url":"https:\/\/www.joseppons.net\/en\/","name":"JOSEP PONS","description":"Comprom\u00e8s amb la m\u00fasica","publisher":{"@id":"https:\/\/www.joseppons.net\/en\/#organization"},"alternateName":"JOSEP PONS","potentialAction":[{"@type":"SearchAction","target":{"@type":"EntryPoint","urlTemplate":"https:\/\/www.joseppons.net\/en\/?s={search_term_string}"},"query-input":{"@type":"PropertyValueSpecification","valueRequired":true,"valueName":"search_term_string"}}],"inLanguage":"en-US"},{"@type":"Organization","@id":"https:\/\/www.joseppons.net\/en\/#organization","name":"JOSEP PONS","alternateName":"JOSEP PONS","url":"https:\/\/www.joseppons.net\/en\/","logo":{"@type":"ImageObject","inLanguage":"en-US","@id":"https:\/\/www.joseppons.net\/en\/#\/schema\/logo\/image\/","url":"https:\/\/www.joseppons.net\/wp-content\/uploads\/2025\/06\/cropped-favicon-jp.png","contentUrl":"https:\/\/www.joseppons.net\/wp-content\/uploads\/2025\/06\/cropped-favicon-jp.png","width":512,"height":512,"caption":"JOSEP PONS"},"image":{"@id":"https:\/\/www.joseppons.net\/en\/#\/schema\/logo\/image\/"},"sameAs":["https:\/\/www.facebook.com\/people\/Josep-Pons\/","https:\/\/www.instagram.com\/josepponsconductor\/","https:\/\/x.com\/ConductorPons","https:\/\/open.spotify.com\/artist\/1TlFTSPL1hXKUTjHIqqFvV","https:\/\/music.apple.com\/es\/artist\/josep-pons\/205799774"]},{"@type":"Person","@id":"https:\/\/www.joseppons.net\/en\/#\/schema\/person\/44d407be23690ad07475cef0d678fd26","name":"Amadeu Pons","image":{"@type":"ImageObject","inLanguage":"en-US","@id":"https:\/\/www.joseppons.net\/en\/#\/schema\/person\/image\/","url":"https:\/\/secure.gravatar.com\/avatar\/078038e762010f124d375175896abb6bf034ab0d68d04c21c95806849bf0b094?s=96&d=mm&r=g","contentUrl":"https:\/\/secure.gravatar.com\/avatar\/078038e762010f124d375175896abb6bf034ab0d68d04c21c95806849bf0b094?s=96&d=mm&r=g","caption":"Amadeu Pons"}}]}},"_links":{"self":[{"href":"https:\/\/www.joseppons.net\/en\/wp-json\/wp\/v2\/posts\/6352","targetHints":{"allow":["GET"]}}],"collection":[{"href":"https:\/\/www.joseppons.net\/en\/wp-json\/wp\/v2\/posts"}],"about":[{"href":"https:\/\/www.joseppons.net\/en\/wp-json\/wp\/v2\/types\/post"}],"author":[{"embeddable":true,"href":"https:\/\/www.joseppons.net\/en\/wp-json\/wp\/v2\/users\/2"}],"replies":[{"embeddable":true,"href":"https:\/\/www.joseppons.net\/en\/wp-json\/wp\/v2\/comments?post=6352"}],"version-history":[{"count":2,"href":"https:\/\/www.joseppons.net\/en\/wp-json\/wp\/v2\/posts\/6352\/revisions"}],"predecessor-version":[{"id":6596,"href":"https:\/\/www.joseppons.net\/en\/wp-json\/wp\/v2\/posts\/6352\/revisions\/6596"}],"wp:featuredmedia":[{"embeddable":true,"href":"https:\/\/www.joseppons.net\/en\/wp-json\/wp\/v2\/media\/6344"}],"wp:attachment":[{"href":"https:\/\/www.joseppons.net\/en\/wp-json\/wp\/v2\/media?parent=6352"}],"wp:term":[{"taxonomy":"category","embeddable":true,"href":"https:\/\/www.joseppons.net\/en\/wp-json\/wp\/v2\/categories?post=6352"},{"taxonomy":"post_tag","embeddable":true,"href":"https:\/\/www.joseppons.net\/en\/wp-json\/wp\/v2\/tags?post=6352"}],"curies":[{"name":"wp","href":"https:\/\/api.w.org\/{rel}","templated":true}]}}