{"id":5279,"date":"2019-11-25T13:23:00","date_gmt":"2019-11-25T12:23:00","guid":{"rendered":"https:\/\/joseppons.neorgvirtual.com\/las-orquestas-mas-consolidadas-de-espana-crecen-con-josep-pons\/"},"modified":"2019-11-25T13:23:00","modified_gmt":"2019-11-25T12:23:00","slug":"las-orquestas-mas-consolidadas-de-espana-crecen-con-josep-pons","status":"publish","type":"post","link":"https:\/\/www.joseppons.net\/es\/las-orquestas-mas-consolidadas-de-espana-crecen-con-josep-pons\/","title":{"rendered":"Las orquestas m\u00e1s consolidadas de Espa\u00f1a crecen con Josep Pons"},"content":{"rendered":"<p>Este mes de noviembre, el maestro Josep Pons se ha puesto al frente de las dos orquestas m&aacute;s consolidadas de Espa&ntilde;a. Por un lado, de la Orquesta Nacional de Espa&ntilde;a, con quien ha dirigido&nbsp;<em>Pater Noster,<\/em>&nbsp;<em>Ave Maria <\/em>y&nbsp;<em>Oedipus Rex&nbsp;<\/em>de Stravinsky y las <em>Litanies &agrave; la Vierge Noire <\/em>de Poulenc, con St&eacute;phanie d&rsquo;Oustrac, mezzo-soprano, Nikolai Schukoff, tenor, Francisco Vas, tenor, Jos&eacute; Antonio L&oacute;pez, baritone, Alexander Vinagrodov, bass, Carlos Hip&oacute;lito, narrador.<\/p>\n<p>Con la OBC, por otro lado, ha dirigido las <em>Danzas eslavas n&uacute;m. 1 i 2<\/em>, op. 72 de Dvor&aacute;k, las <em>Danzas h&uacute;ngaras&nbsp;n&uacute;m. 1 y 3 <\/em>de Brahms y el <em>Castillo de Barbazul<\/em>, op. 11 de Bart&oacute;k, en ambos casos, con gran acogida por parte de p&uacute;blico y cr&iacute;tica.&nbsp;<\/p>\n","protected":false},"excerpt":{"rendered":"<p>El maestro contun\u00faa recibiendo elogios fruto de su inspriador trabajo con orquestas como la ONE o la OBC<\/p>\n","protected":false},"author":1,"featured_media":5138,"comment_status":"closed","ping_status":"closed","sticky":false,"template":"","format":"standard","meta":{"_acf_changed":false,"neve_meta_sidebar":"","neve_meta_container":"","neve_meta_enable_content_width":"","neve_meta_content_width":0,"neve_meta_title_alignment":"","neve_meta_author_avatar":"","neve_post_elements_order":"","neve_meta_disable_header":"","neve_meta_disable_footer":"","neve_meta_disable_title":"","footnotes":""},"categories":[],"tags":[],"class_list":["post-5279","post","type-post","status-publish","format-standard","has-post-thumbnail","hentry"],"acf":[],"yoast_head":"<!-- This site is optimized with the Yoast SEO plugin v26.2 - https:\/\/yoast.com\/wordpress\/plugins\/seo\/ -->\n<title>Las orquestas m\u00e1s consolidadas de Espa\u00f1a crecen con Josep Pons | JOSEP PONS<\/title>\n<meta name=\"robots\" content=\"index, follow, max-snippet:-1, max-image-preview:large, max-video-preview:-1\" \/>\n<link rel=\"canonical\" href=\"https:\/\/www.joseppons.net\/es\/las-orquestas-mas-consolidadas-de-espana-crecen-con-josep-pons\/\" \/>\n<meta property=\"og:locale\" content=\"es_ES\" \/>\n<meta property=\"og:type\" content=\"article\" \/>\n<meta property=\"og:title\" content=\"Las orquestas m\u00e1s consolidadas de Espa\u00f1a crecen con Josep Pons | JOSEP PONS\" \/>\n<meta property=\"og:description\" content=\"El maestro contun\u00faa recibiendo elogios fruto de su inspriador trabajo con orquestas como la ONE o la OBC\" \/>\n<meta property=\"og:url\" content=\"https:\/\/www.joseppons.net\/es\/las-orquestas-mas-consolidadas-de-espana-crecen-con-josep-pons\/\" \/>\n<meta property=\"og:site_name\" content=\"JOSEP PONS\" \/>\n<meta property=\"article:publisher\" content=\"https:\/\/www.facebook.com\/people\/Josep-Pons\/\" \/>\n<meta property=\"article:published_time\" content=\"2019-11-25T12:23:00+00:00\" \/>\n<meta property=\"og:image\" content=\"https:\/\/www.joseppons.net\/wp-content\/uploads\/2025\/06\/Josep_Pons_efe_1.jpg\" \/>\n\t<meta property=\"og:image:width\" content=\"850\" \/>\n\t<meta property=\"og:image:height\" content=\"479\" \/>\n\t<meta property=\"og:image:type\" content=\"image\/jpeg\" \/>\n<meta name=\"author\" content=\"Comunicaci\u00f3 Integral Neorg\" \/>\n<meta name=\"twitter:card\" content=\"summary_large_image\" \/>\n<meta name=\"twitter:label1\" content=\"Escrito por\" \/>\n\t<meta name=\"twitter:data1\" content=\"Comunicaci\u00f3 Integral Neorg\" \/>\n\t<meta name=\"twitter:label2\" content=\"Tiempo de lectura\" \/>\n\t<meta name=\"twitter:data2\" content=\"1 minuto\" \/>\n<script type=\"application\/ld+json\" class=\"yoast-schema-graph\">{\"@context\":\"https:\/\/schema.org\",\"@graph\":[{\"@type\":\"Article\",\"@id\":\"https:\/\/www.joseppons.net\/es\/las-orquestas-mas-consolidadas-de-espana-crecen-con-josep-pons\/#article\",\"isPartOf\":{\"@id\":\"https:\/\/www.joseppons.net\/es\/las-orquestas-mas-consolidadas-de-espana-crecen-con-josep-pons\/\"},\"author\":{\"name\":\"Comunicaci\u00f3 Integral Neorg\",\"@id\":\"https:\/\/www.joseppons.net\/es\/#\/schema\/person\/23015418ecd2b51e0f18b8f731c1267b\"},\"headline\":\"Las orquestas m\u00e1s consolidadas de Espa\u00f1a crecen con Josep Pons\",\"datePublished\":\"2019-11-25T12:23:00+00:00\",\"mainEntityOfPage\":{\"@id\":\"https:\/\/www.joseppons.net\/es\/las-orquestas-mas-consolidadas-de-espana-crecen-con-josep-pons\/\"},\"wordCount\":162,\"publisher\":{\"@id\":\"https:\/\/www.joseppons.net\/es\/#organization\"},\"image\":{\"@id\":\"https:\/\/www.joseppons.net\/es\/las-orquestas-mas-consolidadas-de-espana-crecen-con-josep-pons\/#primaryimage\"},\"thumbnailUrl\":\"https:\/\/www.joseppons.net\/wp-content\/uploads\/2025\/06\/Josep_Pons_efe_1.jpg\",\"inLanguage\":\"es\"},{\"@type\":\"WebPage\",\"@id\":\"https:\/\/www.joseppons.net\/es\/las-orquestas-mas-consolidadas-de-espana-crecen-con-josep-pons\/\",\"url\":\"https:\/\/www.joseppons.net\/es\/las-orquestas-mas-consolidadas-de-espana-crecen-con-josep-pons\/\",\"name\":\"Las orquestas m\u00e1s consolidadas de Espa\u00f1a crecen con Josep Pons | JOSEP PONS\",\"isPartOf\":{\"@id\":\"https:\/\/www.joseppons.net\/es\/#website\"},\"primaryImageOfPage\":{\"@id\":\"https:\/\/www.joseppons.net\/es\/las-orquestas-mas-consolidadas-de-espana-crecen-con-josep-pons\/#primaryimage\"},\"image\":{\"@id\":\"https:\/\/www.joseppons.net\/es\/las-orquestas-mas-consolidadas-de-espana-crecen-con-josep-pons\/#primaryimage\"},\"thumbnailUrl\":\"https:\/\/www.joseppons.net\/wp-content\/uploads\/2025\/06\/Josep_Pons_efe_1.jpg\",\"datePublished\":\"2019-11-25T12:23:00+00:00\",\"breadcrumb\":{\"@id\":\"https:\/\/www.joseppons.net\/es\/las-orquestas-mas-consolidadas-de-espana-crecen-con-josep-pons\/#breadcrumb\"},\"inLanguage\":\"es\",\"potentialAction\":[{\"@type\":\"ReadAction\",\"target\":[\"https:\/\/www.joseppons.net\/es\/las-orquestas-mas-consolidadas-de-espana-crecen-con-josep-pons\/\"]}]},{\"@type\":\"ImageObject\",\"inLanguage\":\"es\",\"@id\":\"https:\/\/www.joseppons.net\/es\/las-orquestas-mas-consolidadas-de-espana-crecen-con-josep-pons\/#primaryimage\",\"url\":\"https:\/\/www.joseppons.net\/wp-content\/uploads\/2025\/06\/Josep_Pons_efe_1.jpg\",\"contentUrl\":\"https:\/\/www.joseppons.net\/wp-content\/uploads\/2025\/06\/Josep_Pons_efe_1.jpg\",\"width\":850,\"height\":479},{\"@type\":\"BreadcrumbList\",\"@id\":\"https:\/\/www.joseppons.net\/es\/las-orquestas-mas-consolidadas-de-espana-crecen-con-josep-pons\/#breadcrumb\",\"itemListElement\":[{\"@type\":\"ListItem\",\"position\":1,\"name\":\"Inici\",\"item\":\"https:\/\/www.joseppons.net\/es\/\"},{\"@type\":\"ListItem\",\"position\":2,\"name\":\"Las orquestas m\u00e1s consolidadas de Espa\u00f1a crecen con Josep Pons\"}]},{\"@type\":\"WebSite\",\"@id\":\"https:\/\/www.joseppons.net\/es\/#website\",\"url\":\"https:\/\/www.joseppons.net\/es\/\",\"name\":\"JOSEP PONS\",\"description\":\"Comprom\u00e8s amb la m\u00fasica\",\"publisher\":{\"@id\":\"https:\/\/www.joseppons.net\/es\/#organization\"},\"alternateName\":\"JOSEP PONS\",\"potentialAction\":[{\"@type\":\"SearchAction\",\"target\":{\"@type\":\"EntryPoint\",\"urlTemplate\":\"https:\/\/www.joseppons.net\/es\/?s={search_term_string}\"},\"query-input\":{\"@type\":\"PropertyValueSpecification\",\"valueRequired\":true,\"valueName\":\"search_term_string\"}}],\"inLanguage\":\"es\"},{\"@type\":\"Organization\",\"@id\":\"https:\/\/www.joseppons.net\/es\/#organization\",\"name\":\"JOSEP PONS\",\"alternateName\":\"JOSEP PONS\",\"url\":\"https:\/\/www.joseppons.net\/es\/\",\"logo\":{\"@type\":\"ImageObject\",\"inLanguage\":\"es\",\"@id\":\"https:\/\/www.joseppons.net\/es\/#\/schema\/logo\/image\/\",\"url\":\"https:\/\/www.joseppons.net\/wp-content\/uploads\/2025\/06\/cropped-favicon-jp.png\",\"contentUrl\":\"https:\/\/www.joseppons.net\/wp-content\/uploads\/2025\/06\/cropped-favicon-jp.png\",\"width\":512,\"height\":512,\"caption\":\"JOSEP PONS\"},\"image\":{\"@id\":\"https:\/\/www.joseppons.net\/es\/#\/schema\/logo\/image\/\"},\"sameAs\":[\"https:\/\/www.facebook.com\/people\/Josep-Pons\/\",\"https:\/\/www.instagram.com\/josepponsconductor\/\",\"https:\/\/x.com\/ConductorPons\",\"https:\/\/open.spotify.com\/artist\/1TlFTSPL1hXKUTjHIqqFvV\",\"https:\/\/music.apple.com\/es\/artist\/josep-pons\/205799774\"]},{\"@type\":\"Person\",\"@id\":\"https:\/\/www.joseppons.net\/es\/#\/schema\/person\/23015418ecd2b51e0f18b8f731c1267b\",\"name\":\"Comunicaci\u00f3 Integral Neorg\",\"image\":{\"@type\":\"ImageObject\",\"inLanguage\":\"es\",\"@id\":\"https:\/\/www.joseppons.net\/es\/#\/schema\/person\/image\/\",\"url\":\"https:\/\/secure.gravatar.com\/avatar\/6418606c3c0fc45923d10e3a703de575df4c8c34384725b9a84f9ba56f3be664?s=96&d=mm&r=g\",\"contentUrl\":\"https:\/\/secure.gravatar.com\/avatar\/6418606c3c0fc45923d10e3a703de575df4c8c34384725b9a84f9ba56f3be664?s=96&d=mm&r=g\",\"caption\":\"Comunicaci\u00f3 Integral Neorg\"},\"sameAs\":[\"https:\/\/www.joseppons.net\/\"]}]}<\/script>\n<!-- \/ Yoast SEO plugin. -->","yoast_head_json":{"title":"Las orquestas m\u00e1s consolidadas de Espa\u00f1a crecen con Josep Pons | JOSEP PONS","robots":{"index":"index","follow":"follow","max-snippet":"max-snippet:-1","max-image-preview":"max-image-preview:large","max-video-preview":"max-video-preview:-1"},"canonical":"https:\/\/www.joseppons.net\/es\/las-orquestas-mas-consolidadas-de-espana-crecen-con-josep-pons\/","og_locale":"es_ES","og_type":"article","og_title":"Las orquestas m\u00e1s consolidadas de Espa\u00f1a crecen con Josep Pons | JOSEP PONS","og_description":"El maestro contun\u00faa recibiendo elogios fruto de su inspriador trabajo con orquestas como la ONE o la OBC","og_url":"https:\/\/www.joseppons.net\/es\/las-orquestas-mas-consolidadas-de-espana-crecen-con-josep-pons\/","og_site_name":"JOSEP PONS","article_publisher":"https:\/\/www.facebook.com\/people\/Josep-Pons\/","article_published_time":"2019-11-25T12:23:00+00:00","og_image":[{"width":850,"height":479,"url":"https:\/\/www.joseppons.net\/wp-content\/uploads\/2025\/06\/Josep_Pons_efe_1.jpg","type":"image\/jpeg"}],"author":"Comunicaci\u00f3 Integral Neorg","twitter_card":"summary_large_image","twitter_misc":{"Escrito por":"Comunicaci\u00f3 Integral Neorg","Tiempo de lectura":"1 minuto"},"schema":{"@context":"https:\/\/schema.org","@graph":[{"@type":"Article","@id":"https:\/\/www.joseppons.net\/es\/las-orquestas-mas-consolidadas-de-espana-crecen-con-josep-pons\/#article","isPartOf":{"@id":"https:\/\/www.joseppons.net\/es\/las-orquestas-mas-consolidadas-de-espana-crecen-con-josep-pons\/"},"author":{"name":"Comunicaci\u00f3 Integral Neorg","@id":"https:\/\/www.joseppons.net\/es\/#\/schema\/person\/23015418ecd2b51e0f18b8f731c1267b"},"headline":"Las orquestas m\u00e1s consolidadas de Espa\u00f1a crecen con Josep Pons","datePublished":"2019-11-25T12:23:00+00:00","mainEntityOfPage":{"@id":"https:\/\/www.joseppons.net\/es\/las-orquestas-mas-consolidadas-de-espana-crecen-con-josep-pons\/"},"wordCount":162,"publisher":{"@id":"https:\/\/www.joseppons.net\/es\/#organization"},"image":{"@id":"https:\/\/www.joseppons.net\/es\/las-orquestas-mas-consolidadas-de-espana-crecen-con-josep-pons\/#primaryimage"},"thumbnailUrl":"https:\/\/www.joseppons.net\/wp-content\/uploads\/2025\/06\/Josep_Pons_efe_1.jpg","inLanguage":"es"},{"@type":"WebPage","@id":"https:\/\/www.joseppons.net\/es\/las-orquestas-mas-consolidadas-de-espana-crecen-con-josep-pons\/","url":"https:\/\/www.joseppons.net\/es\/las-orquestas-mas-consolidadas-de-espana-crecen-con-josep-pons\/","name":"Las orquestas m\u00e1s consolidadas de Espa\u00f1a crecen con Josep Pons | JOSEP PONS","isPartOf":{"@id":"https:\/\/www.joseppons.net\/es\/#website"},"primaryImageOfPage":{"@id":"https:\/\/www.joseppons.net\/es\/las-orquestas-mas-consolidadas-de-espana-crecen-con-josep-pons\/#primaryimage"},"image":{"@id":"https:\/\/www.joseppons.net\/es\/las-orquestas-mas-consolidadas-de-espana-crecen-con-josep-pons\/#primaryimage"},"thumbnailUrl":"https:\/\/www.joseppons.net\/wp-content\/uploads\/2025\/06\/Josep_Pons_efe_1.jpg","datePublished":"2019-11-25T12:23:00+00:00","breadcrumb":{"@id":"https:\/\/www.joseppons.net\/es\/las-orquestas-mas-consolidadas-de-espana-crecen-con-josep-pons\/#breadcrumb"},"inLanguage":"es","potentialAction":[{"@type":"ReadAction","target":["https:\/\/www.joseppons.net\/es\/las-orquestas-mas-consolidadas-de-espana-crecen-con-josep-pons\/"]}]},{"@type":"ImageObject","inLanguage":"es","@id":"https:\/\/www.joseppons.net\/es\/las-orquestas-mas-consolidadas-de-espana-crecen-con-josep-pons\/#primaryimage","url":"https:\/\/www.joseppons.net\/wp-content\/uploads\/2025\/06\/Josep_Pons_efe_1.jpg","contentUrl":"https:\/\/www.joseppons.net\/wp-content\/uploads\/2025\/06\/Josep_Pons_efe_1.jpg","width":850,"height":479},{"@type":"BreadcrumbList","@id":"https:\/\/www.joseppons.net\/es\/las-orquestas-mas-consolidadas-de-espana-crecen-con-josep-pons\/#breadcrumb","itemListElement":[{"@type":"ListItem","position":1,"name":"Inici","item":"https:\/\/www.joseppons.net\/es\/"},{"@type":"ListItem","position":2,"name":"Las orquestas m\u00e1s consolidadas de Espa\u00f1a crecen con Josep Pons"}]},{"@type":"WebSite","@id":"https:\/\/www.joseppons.net\/es\/#website","url":"https:\/\/www.joseppons.net\/es\/","name":"JOSEP PONS","description":"Comprom\u00e8s amb la m\u00fasica","publisher":{"@id":"https:\/\/www.joseppons.net\/es\/#organization"},"alternateName":"JOSEP PONS","potentialAction":[{"@type":"SearchAction","target":{"@type":"EntryPoint","urlTemplate":"https:\/\/www.joseppons.net\/es\/?s={search_term_string}"},"query-input":{"@type":"PropertyValueSpecification","valueRequired":true,"valueName":"search_term_string"}}],"inLanguage":"es"},{"@type":"Organization","@id":"https:\/\/www.joseppons.net\/es\/#organization","name":"JOSEP PONS","alternateName":"JOSEP PONS","url":"https:\/\/www.joseppons.net\/es\/","logo":{"@type":"ImageObject","inLanguage":"es","@id":"https:\/\/www.joseppons.net\/es\/#\/schema\/logo\/image\/","url":"https:\/\/www.joseppons.net\/wp-content\/uploads\/2025\/06\/cropped-favicon-jp.png","contentUrl":"https:\/\/www.joseppons.net\/wp-content\/uploads\/2025\/06\/cropped-favicon-jp.png","width":512,"height":512,"caption":"JOSEP PONS"},"image":{"@id":"https:\/\/www.joseppons.net\/es\/#\/schema\/logo\/image\/"},"sameAs":["https:\/\/www.facebook.com\/people\/Josep-Pons\/","https:\/\/www.instagram.com\/josepponsconductor\/","https:\/\/x.com\/ConductorPons","https:\/\/open.spotify.com\/artist\/1TlFTSPL1hXKUTjHIqqFvV","https:\/\/music.apple.com\/es\/artist\/josep-pons\/205799774"]},{"@type":"Person","@id":"https:\/\/www.joseppons.net\/es\/#\/schema\/person\/23015418ecd2b51e0f18b8f731c1267b","name":"Comunicaci\u00f3 Integral Neorg","image":{"@type":"ImageObject","inLanguage":"es","@id":"https:\/\/www.joseppons.net\/es\/#\/schema\/person\/image\/","url":"https:\/\/secure.gravatar.com\/avatar\/6418606c3c0fc45923d10e3a703de575df4c8c34384725b9a84f9ba56f3be664?s=96&d=mm&r=g","contentUrl":"https:\/\/secure.gravatar.com\/avatar\/6418606c3c0fc45923d10e3a703de575df4c8c34384725b9a84f9ba56f3be664?s=96&d=mm&r=g","caption":"Comunicaci\u00f3 Integral Neorg"},"sameAs":["https:\/\/www.joseppons.net\/"]}]}},"_links":{"self":[{"href":"https:\/\/www.joseppons.net\/es\/wp-json\/wp\/v2\/posts\/5279","targetHints":{"allow":["GET"]}}],"collection":[{"href":"https:\/\/www.joseppons.net\/es\/wp-json\/wp\/v2\/posts"}],"about":[{"href":"https:\/\/www.joseppons.net\/es\/wp-json\/wp\/v2\/types\/post"}],"author":[{"embeddable":true,"href":"https:\/\/www.joseppons.net\/es\/wp-json\/wp\/v2\/users\/1"}],"replies":[{"embeddable":true,"href":"https:\/\/www.joseppons.net\/es\/wp-json\/wp\/v2\/comments?post=5279"}],"version-history":[{"count":0,"href":"https:\/\/www.joseppons.net\/es\/wp-json\/wp\/v2\/posts\/5279\/revisions"}],"wp:featuredmedia":[{"embeddable":true,"href":"https:\/\/www.joseppons.net\/es\/wp-json\/wp\/v2\/media\/5138"}],"wp:attachment":[{"href":"https:\/\/www.joseppons.net\/es\/wp-json\/wp\/v2\/media?parent=5279"}],"wp:term":[{"taxonomy":"category","embeddable":true,"href":"https:\/\/www.joseppons.net\/es\/wp-json\/wp\/v2\/categories?post=5279"},{"taxonomy":"post_tag","embeddable":true,"href":"https:\/\/www.joseppons.net\/es\/wp-json\/wp\/v2\/tags?post=5279"}],"curies":[{"name":"wp","href":"https:\/\/api.w.org\/{rel}","templated":true}]}}