{"id":5280,"date":"2019-12-18T13:33:00","date_gmt":"2019-12-18T12:33:00","guid":{"rendered":"https:\/\/joseppons.neorgvirtual.com\/el-maestro-josep-pons-saca-el-disco-de-ravel-jeux-de-miroirs-con-javier-perianes-y-lochestre-de-paris\/"},"modified":"2019-12-18T13:33:00","modified_gmt":"2019-12-18T12:33:00","slug":"el-maestro-josep-pons-saca-el-disco-de-ravel-jeux-de-miroirs-con-javier-perianes-y-lochestre-de-paris","status":"publish","type":"post","link":"https:\/\/www.joseppons.net\/es\/el-maestro-josep-pons-saca-el-disco-de-ravel-jeux-de-miroirs-con-javier-perianes-y-lochestre-de-paris\/","title":{"rendered":"El maestro Josep Pons saca el disco de Ravel \u2018Jeux de miroirs\u2019 con Javier Perianes y l\u2019Ochestre de Paris"},"content":{"rendered":"<p style=\"margin:0cm 0cm 0.0001pt\"><span style=\"font-size:12pt\"><span style=\"font-family:Calibri,sans-serif\"><span calibri=\"\" lang=\"ES\" light=\"\" style=\"font-family:\">En este mes de noviembre, Josep Pons ha sacado a la luz el <b>nuevo disco, <i>Jeux de miroirs<\/i><\/b> con el sello Harmonia Mundi, al frente de la <b>Orchestre de Paris<\/b> y con <b>Javier Perianes<\/b> como solista al piano, con quien Pons ha colaborado estrechamente en diversas ocasiones. El disco se lanz&oacute; al mercado en Espa&ntilde;a el 8 de noviembre y el 29 de noviembre a nivel internacional, y se presentado en Madrid el 16 de diciembre en el Instituto Franc&eacute;s y el 17 de diciembre en Barcelona, en el Gran Teatre del Liceu.<\/span><\/span><\/span><\/p>\n<p style=\"margin:0cm 0cm 0.0001pt\">&nbsp;<\/p>\n<p style=\"margin:0cm 0cm 0.0001pt\"><span style=\"font-size:12pt\"><span style=\"font-family:Calibri,sans-serif\"><span calibri=\"\" lang=\"ES\" light=\"\" style=\"font-family:\">Este disco se suma a su colecci&oacute;n de m&aacute;s de 50 proyectos discogr&aacute;ficos que han conseguido una gran reputaci&oacute;n entre la cr&iacute;tica y una muy buena acogida entre el p&uacute;blico mel&oacute;mano. En su faceta discogr&aacute;fica, el director musical del Gran Teatre del Liceu, que desarrolla una intensa carrera en el extranjero, ha obtenido los m&aacute;ximos galardones, como los Grammy, Cannes Awards, Grand Prix de la Acad&eacute;mie Charles Cross, Diapasson d&rsquo;Or, Choc de la Musique o Timbre du Platin.<\/span><\/span><\/span><\/p>\n<p style=\"margin:0cm 0cm 0.0001pt\">&nbsp;<\/p>\n<p style=\"margin:0cm 0cm 0.0001pt\"><span style=\"font-size:12pt\"><span style=\"font-family:Calibri,sans-serif\"><span calibri=\"\" lang=\"ES\" light=\"\" style=\"font-family:\">Ahora nos presenta un &ldquo;juego de espejos&rdquo; con el que se propone un reto al oyente: descubrir la inmensidad de Ravel a trav&eacute;s de su escritura pian&iacute;stica y las versiones orquestales que el propio compositor escribi&oacute; sin hacer una mera traducci&oacute;n literal, sino erigi&eacute;ndose en obras totalmente nuevas que recogen la esencia del original. Pons y Perianes han escogido <i>Alborada del gracioso, Le Tombeau de Couperin<\/i> y el<i> Concierto en Sol Mayor<\/i>, M. 83, tan brillante y a la vez sugerente. De esta manera se puede apreciar la riqueza compositiva de Ravel con todos sus matices, en un disco original y cautivador concebido conjuntamente entre el maestro y el pianista.<\/span><\/span><\/span><\/p>\n<p style=\"margin:0cm 0cm 0.0001pt\">&nbsp;<\/p>\n<p style=\"text-align:justify; margin:0cm 0cm 0.0001pt\"><span style=\"font-size:12pt\"><span style=\"font-family:Calibri,sans-serif\"><span calibri=\"\" lang=\"ES\" light=\"\" style=\"font-family:\">El disco es la demostraci&oacute;n de que no podemos establecer una jerarqu&iacute;a entre las obras para piano y las mismas que han sido orquestadas, sino que se trata de dos facetas diferentes que producen aut&eacute;nticas obras maestras. El refinamiento de los colores y los matices que adquieren las obras pian&iacute;sticas con su orquestaci&oacute;n las hace obras &uacute;nicas del repertorio de los mejores directores, mientras que las obras para piano muestran una depurada t&eacute;cnica y una exploraci&oacute;n de las capacidades expresivas del instrumento que son dif&iacute;cilmente superables.<\/span><\/span><\/span><\/p>\n<p style=\"margin:0cm 0cm 0.0001pt\">&nbsp;<\/p>\n<p style=\"margin:0cm 0cm 0.0001pt\"><span style=\"font-size:12pt\"><span style=\"font-family:Calibri,sans-serif\"><span calibri=\"\" lang=\"ES\" light=\"\" style=\"font-family:\">Los pr&oacute;ximos 10 y 11 de enero, Josep Pons, al frente de l&rsquo;Orchestre Nationale du Capitole de Toulouse y con Javier Periades como solista, interpretar&aacute; en la capital occitana el <i>Concierto para piano en Sol mayor<\/i>, la <i>Alborada del gracioso<\/i> y la <i>Rapsodia espa&ntilde;ola<\/i> de Ravel, adem&aacute;s de las suites n&uacute;m 1 y 2 del <i>Sombrero de tres picos<\/i> de Falla.<\/span><\/span><\/span><\/p>\n","protected":false},"excerpt":{"rendered":"<p>Pons ha grabado este disco con Harmonia Mundi, con quien ha desarrollado una cuarentena de proyectos discogr\u00e1ficos de los m\u00e1s de 50 que ha publicado, con un amplio reconocimiento de p\u00fablico y cr\u00edtica<\/p>\n","protected":false},"author":1,"featured_media":3601,"comment_status":"closed","ping_status":"closed","sticky":false,"template":"","format":"standard","meta":{"_acf_changed":false,"neve_meta_sidebar":"","neve_meta_container":"","neve_meta_enable_content_width":"","neve_meta_content_width":0,"neve_meta_title_alignment":"","neve_meta_author_avatar":"","neve_post_elements_order":"","neve_meta_disable_header":"","neve_meta_disable_footer":"","neve_meta_disable_title":"","footnotes":""},"categories":[],"tags":[],"class_list":["post-5280","post","type-post","status-publish","format-standard","has-post-thumbnail","hentry"],"acf":[],"yoast_head":"<!-- This site is optimized with the Yoast SEO plugin v26.2 - https:\/\/yoast.com\/wordpress\/plugins\/seo\/ -->\n<title>El maestro Josep Pons saca el disco de Ravel \u2018Jeux de miroirs\u2019 con Javier Perianes y l\u2019Ochestre de Paris | JOSEP PONS<\/title>\n<meta name=\"robots\" content=\"index, follow, max-snippet:-1, max-image-preview:large, max-video-preview:-1\" \/>\n<link rel=\"canonical\" href=\"https:\/\/www.joseppons.net\/es\/el-maestro-josep-pons-saca-el-disco-de-ravel-jeux-de-miroirs-con-javier-perianes-y-lochestre-de-paris\/\" \/>\n<meta property=\"og:locale\" content=\"es_ES\" \/>\n<meta property=\"og:type\" content=\"article\" \/>\n<meta property=\"og:title\" content=\"El maestro Josep Pons saca el disco de Ravel \u2018Jeux de miroirs\u2019 con Javier Perianes y l\u2019Ochestre de Paris | JOSEP PONS\" \/>\n<meta property=\"og:description\" content=\"Pons ha grabado este disco con Harmonia Mundi, con quien ha desarrollado una cuarentena de proyectos discogr\u00e1ficos de los m\u00e1s de 50 que ha publicado, con un amplio reconocimiento de p\u00fablico y cr\u00edtica\" \/>\n<meta property=\"og:url\" content=\"https:\/\/www.joseppons.net\/es\/el-maestro-josep-pons-saca-el-disco-de-ravel-jeux-de-miroirs-con-javier-perianes-y-lochestre-de-paris\/\" \/>\n<meta property=\"og:site_name\" content=\"JOSEP PONS\" \/>\n<meta property=\"article:publisher\" content=\"https:\/\/www.facebook.com\/people\/Josep-Pons\/\" \/>\n<meta property=\"article:published_time\" content=\"2019-12-18T12:33:00+00:00\" \/>\n<meta property=\"og:image\" content=\"https:\/\/www.joseppons.net\/wp-content\/uploads\/2025\/06\/Pons_Perianes_Liceu.jpg\" \/>\n\t<meta property=\"og:image:width\" content=\"1650\" \/>\n\t<meta property=\"og:image:height\" content=\"1100\" \/>\n\t<meta property=\"og:image:type\" content=\"image\/jpeg\" \/>\n<meta name=\"author\" content=\"Comunicaci\u00f3 Integral Neorg\" \/>\n<meta name=\"twitter:card\" content=\"summary_large_image\" \/>\n<meta name=\"twitter:label1\" content=\"Escrito por\" \/>\n\t<meta name=\"twitter:data1\" content=\"Comunicaci\u00f3 Integral Neorg\" \/>\n\t<meta name=\"twitter:label2\" content=\"Tiempo de lectura\" \/>\n\t<meta name=\"twitter:data2\" content=\"2 minutos\" \/>\n<script type=\"application\/ld+json\" class=\"yoast-schema-graph\">{\"@context\":\"https:\/\/schema.org\",\"@graph\":[{\"@type\":\"Article\",\"@id\":\"https:\/\/www.joseppons.net\/es\/el-maestro-josep-pons-saca-el-disco-de-ravel-jeux-de-miroirs-con-javier-perianes-y-lochestre-de-paris\/#article\",\"isPartOf\":{\"@id\":\"https:\/\/www.joseppons.net\/es\/el-maestro-josep-pons-saca-el-disco-de-ravel-jeux-de-miroirs-con-javier-perianes-y-lochestre-de-paris\/\"},\"author\":{\"name\":\"Comunicaci\u00f3 Integral Neorg\",\"@id\":\"https:\/\/www.joseppons.net\/es\/#\/schema\/person\/23015418ecd2b51e0f18b8f731c1267b\"},\"headline\":\"El maestro Josep Pons saca el disco de Ravel \u2018Jeux de miroirs\u2019 con Javier Perianes y l\u2019Ochestre de Paris\",\"datePublished\":\"2019-12-18T12:33:00+00:00\",\"mainEntityOfPage\":{\"@id\":\"https:\/\/www.joseppons.net\/es\/el-maestro-josep-pons-saca-el-disco-de-ravel-jeux-de-miroirs-con-javier-perianes-y-lochestre-de-paris\/\"},\"wordCount\":508,\"publisher\":{\"@id\":\"https:\/\/www.joseppons.net\/es\/#organization\"},\"image\":{\"@id\":\"https:\/\/www.joseppons.net\/es\/el-maestro-josep-pons-saca-el-disco-de-ravel-jeux-de-miroirs-con-javier-perianes-y-lochestre-de-paris\/#primaryimage\"},\"thumbnailUrl\":\"https:\/\/www.joseppons.net\/wp-content\/uploads\/2025\/06\/Pons_Perianes_Liceu.jpg\",\"inLanguage\":\"es\"},{\"@type\":\"WebPage\",\"@id\":\"https:\/\/www.joseppons.net\/es\/el-maestro-josep-pons-saca-el-disco-de-ravel-jeux-de-miroirs-con-javier-perianes-y-lochestre-de-paris\/\",\"url\":\"https:\/\/www.joseppons.net\/es\/el-maestro-josep-pons-saca-el-disco-de-ravel-jeux-de-miroirs-con-javier-perianes-y-lochestre-de-paris\/\",\"name\":\"El maestro Josep Pons saca el disco de Ravel \u2018Jeux de miroirs\u2019 con Javier Perianes y l\u2019Ochestre de Paris | JOSEP PONS\",\"isPartOf\":{\"@id\":\"https:\/\/www.joseppons.net\/es\/#website\"},\"primaryImageOfPage\":{\"@id\":\"https:\/\/www.joseppons.net\/es\/el-maestro-josep-pons-saca-el-disco-de-ravel-jeux-de-miroirs-con-javier-perianes-y-lochestre-de-paris\/#primaryimage\"},\"image\":{\"@id\":\"https:\/\/www.joseppons.net\/es\/el-maestro-josep-pons-saca-el-disco-de-ravel-jeux-de-miroirs-con-javier-perianes-y-lochestre-de-paris\/#primaryimage\"},\"thumbnailUrl\":\"https:\/\/www.joseppons.net\/wp-content\/uploads\/2025\/06\/Pons_Perianes_Liceu.jpg\",\"datePublished\":\"2019-12-18T12:33:00+00:00\",\"breadcrumb\":{\"@id\":\"https:\/\/www.joseppons.net\/es\/el-maestro-josep-pons-saca-el-disco-de-ravel-jeux-de-miroirs-con-javier-perianes-y-lochestre-de-paris\/#breadcrumb\"},\"inLanguage\":\"es\",\"potentialAction\":[{\"@type\":\"ReadAction\",\"target\":[\"https:\/\/www.joseppons.net\/es\/el-maestro-josep-pons-saca-el-disco-de-ravel-jeux-de-miroirs-con-javier-perianes-y-lochestre-de-paris\/\"]}]},{\"@type\":\"ImageObject\",\"inLanguage\":\"es\",\"@id\":\"https:\/\/www.joseppons.net\/es\/el-maestro-josep-pons-saca-el-disco-de-ravel-jeux-de-miroirs-con-javier-perianes-y-lochestre-de-paris\/#primaryimage\",\"url\":\"https:\/\/www.joseppons.net\/wp-content\/uploads\/2025\/06\/Pons_Perianes_Liceu.jpg\",\"contentUrl\":\"https:\/\/www.joseppons.net\/wp-content\/uploads\/2025\/06\/Pons_Perianes_Liceu.jpg\",\"width\":1650,\"height\":1100},{\"@type\":\"BreadcrumbList\",\"@id\":\"https:\/\/www.joseppons.net\/es\/el-maestro-josep-pons-saca-el-disco-de-ravel-jeux-de-miroirs-con-javier-perianes-y-lochestre-de-paris\/#breadcrumb\",\"itemListElement\":[{\"@type\":\"ListItem\",\"position\":1,\"name\":\"Inici\",\"item\":\"https:\/\/www.joseppons.net\/es\/\"},{\"@type\":\"ListItem\",\"position\":2,\"name\":\"El maestro Josep Pons saca el disco de Ravel \u2018Jeux de miroirs\u2019 con Javier Perianes y l\u2019Ochestre de Paris\"}]},{\"@type\":\"WebSite\",\"@id\":\"https:\/\/www.joseppons.net\/es\/#website\",\"url\":\"https:\/\/www.joseppons.net\/es\/\",\"name\":\"JOSEP PONS\",\"description\":\"Comprom\u00e8s amb la m\u00fasica\",\"publisher\":{\"@id\":\"https:\/\/www.joseppons.net\/es\/#organization\"},\"alternateName\":\"JOSEP PONS\",\"potentialAction\":[{\"@type\":\"SearchAction\",\"target\":{\"@type\":\"EntryPoint\",\"urlTemplate\":\"https:\/\/www.joseppons.net\/es\/?s={search_term_string}\"},\"query-input\":{\"@type\":\"PropertyValueSpecification\",\"valueRequired\":true,\"valueName\":\"search_term_string\"}}],\"inLanguage\":\"es\"},{\"@type\":\"Organization\",\"@id\":\"https:\/\/www.joseppons.net\/es\/#organization\",\"name\":\"JOSEP PONS\",\"alternateName\":\"JOSEP PONS\",\"url\":\"https:\/\/www.joseppons.net\/es\/\",\"logo\":{\"@type\":\"ImageObject\",\"inLanguage\":\"es\",\"@id\":\"https:\/\/www.joseppons.net\/es\/#\/schema\/logo\/image\/\",\"url\":\"https:\/\/www.joseppons.net\/wp-content\/uploads\/2025\/06\/cropped-favicon-jp.png\",\"contentUrl\":\"https:\/\/www.joseppons.net\/wp-content\/uploads\/2025\/06\/cropped-favicon-jp.png\",\"width\":512,\"height\":512,\"caption\":\"JOSEP PONS\"},\"image\":{\"@id\":\"https:\/\/www.joseppons.net\/es\/#\/schema\/logo\/image\/\"},\"sameAs\":[\"https:\/\/www.facebook.com\/people\/Josep-Pons\/\",\"https:\/\/www.instagram.com\/josepponsconductor\/\",\"https:\/\/x.com\/ConductorPons\",\"https:\/\/open.spotify.com\/artist\/1TlFTSPL1hXKUTjHIqqFvV\",\"https:\/\/music.apple.com\/es\/artist\/josep-pons\/205799774\"]},{\"@type\":\"Person\",\"@id\":\"https:\/\/www.joseppons.net\/es\/#\/schema\/person\/23015418ecd2b51e0f18b8f731c1267b\",\"name\":\"Comunicaci\u00f3 Integral Neorg\",\"image\":{\"@type\":\"ImageObject\",\"inLanguage\":\"es\",\"@id\":\"https:\/\/www.joseppons.net\/es\/#\/schema\/person\/image\/\",\"url\":\"https:\/\/secure.gravatar.com\/avatar\/6418606c3c0fc45923d10e3a703de575df4c8c34384725b9a84f9ba56f3be664?s=96&d=mm&r=g\",\"contentUrl\":\"https:\/\/secure.gravatar.com\/avatar\/6418606c3c0fc45923d10e3a703de575df4c8c34384725b9a84f9ba56f3be664?s=96&d=mm&r=g\",\"caption\":\"Comunicaci\u00f3 Integral Neorg\"},\"sameAs\":[\"https:\/\/www.joseppons.net\/\"]}]}<\/script>\n<!-- \/ Yoast SEO plugin. -->","yoast_head_json":{"title":"El maestro Josep Pons saca el disco de Ravel \u2018Jeux de miroirs\u2019 con Javier Perianes y l\u2019Ochestre de Paris | JOSEP PONS","robots":{"index":"index","follow":"follow","max-snippet":"max-snippet:-1","max-image-preview":"max-image-preview:large","max-video-preview":"max-video-preview:-1"},"canonical":"https:\/\/www.joseppons.net\/es\/el-maestro-josep-pons-saca-el-disco-de-ravel-jeux-de-miroirs-con-javier-perianes-y-lochestre-de-paris\/","og_locale":"es_ES","og_type":"article","og_title":"El maestro Josep Pons saca el disco de Ravel \u2018Jeux de miroirs\u2019 con Javier Perianes y l\u2019Ochestre de Paris | JOSEP PONS","og_description":"Pons ha grabado este disco con Harmonia Mundi, con quien ha desarrollado una cuarentena de proyectos discogr\u00e1ficos de los m\u00e1s de 50 que ha publicado, con un amplio reconocimiento de p\u00fablico y cr\u00edtica","og_url":"https:\/\/www.joseppons.net\/es\/el-maestro-josep-pons-saca-el-disco-de-ravel-jeux-de-miroirs-con-javier-perianes-y-lochestre-de-paris\/","og_site_name":"JOSEP PONS","article_publisher":"https:\/\/www.facebook.com\/people\/Josep-Pons\/","article_published_time":"2019-12-18T12:33:00+00:00","og_image":[{"width":1650,"height":1100,"url":"https:\/\/www.joseppons.net\/wp-content\/uploads\/2025\/06\/Pons_Perianes_Liceu.jpg","type":"image\/jpeg"}],"author":"Comunicaci\u00f3 Integral Neorg","twitter_card":"summary_large_image","twitter_misc":{"Escrito por":"Comunicaci\u00f3 Integral Neorg","Tiempo de lectura":"2 minutos"},"schema":{"@context":"https:\/\/schema.org","@graph":[{"@type":"Article","@id":"https:\/\/www.joseppons.net\/es\/el-maestro-josep-pons-saca-el-disco-de-ravel-jeux-de-miroirs-con-javier-perianes-y-lochestre-de-paris\/#article","isPartOf":{"@id":"https:\/\/www.joseppons.net\/es\/el-maestro-josep-pons-saca-el-disco-de-ravel-jeux-de-miroirs-con-javier-perianes-y-lochestre-de-paris\/"},"author":{"name":"Comunicaci\u00f3 Integral Neorg","@id":"https:\/\/www.joseppons.net\/es\/#\/schema\/person\/23015418ecd2b51e0f18b8f731c1267b"},"headline":"El maestro Josep Pons saca el disco de Ravel \u2018Jeux de miroirs\u2019 con Javier Perianes y l\u2019Ochestre de Paris","datePublished":"2019-12-18T12:33:00+00:00","mainEntityOfPage":{"@id":"https:\/\/www.joseppons.net\/es\/el-maestro-josep-pons-saca-el-disco-de-ravel-jeux-de-miroirs-con-javier-perianes-y-lochestre-de-paris\/"},"wordCount":508,"publisher":{"@id":"https:\/\/www.joseppons.net\/es\/#organization"},"image":{"@id":"https:\/\/www.joseppons.net\/es\/el-maestro-josep-pons-saca-el-disco-de-ravel-jeux-de-miroirs-con-javier-perianes-y-lochestre-de-paris\/#primaryimage"},"thumbnailUrl":"https:\/\/www.joseppons.net\/wp-content\/uploads\/2025\/06\/Pons_Perianes_Liceu.jpg","inLanguage":"es"},{"@type":"WebPage","@id":"https:\/\/www.joseppons.net\/es\/el-maestro-josep-pons-saca-el-disco-de-ravel-jeux-de-miroirs-con-javier-perianes-y-lochestre-de-paris\/","url":"https:\/\/www.joseppons.net\/es\/el-maestro-josep-pons-saca-el-disco-de-ravel-jeux-de-miroirs-con-javier-perianes-y-lochestre-de-paris\/","name":"El maestro Josep Pons saca el disco de Ravel \u2018Jeux de miroirs\u2019 con Javier Perianes y l\u2019Ochestre de Paris | JOSEP PONS","isPartOf":{"@id":"https:\/\/www.joseppons.net\/es\/#website"},"primaryImageOfPage":{"@id":"https:\/\/www.joseppons.net\/es\/el-maestro-josep-pons-saca-el-disco-de-ravel-jeux-de-miroirs-con-javier-perianes-y-lochestre-de-paris\/#primaryimage"},"image":{"@id":"https:\/\/www.joseppons.net\/es\/el-maestro-josep-pons-saca-el-disco-de-ravel-jeux-de-miroirs-con-javier-perianes-y-lochestre-de-paris\/#primaryimage"},"thumbnailUrl":"https:\/\/www.joseppons.net\/wp-content\/uploads\/2025\/06\/Pons_Perianes_Liceu.jpg","datePublished":"2019-12-18T12:33:00+00:00","breadcrumb":{"@id":"https:\/\/www.joseppons.net\/es\/el-maestro-josep-pons-saca-el-disco-de-ravel-jeux-de-miroirs-con-javier-perianes-y-lochestre-de-paris\/#breadcrumb"},"inLanguage":"es","potentialAction":[{"@type":"ReadAction","target":["https:\/\/www.joseppons.net\/es\/el-maestro-josep-pons-saca-el-disco-de-ravel-jeux-de-miroirs-con-javier-perianes-y-lochestre-de-paris\/"]}]},{"@type":"ImageObject","inLanguage":"es","@id":"https:\/\/www.joseppons.net\/es\/el-maestro-josep-pons-saca-el-disco-de-ravel-jeux-de-miroirs-con-javier-perianes-y-lochestre-de-paris\/#primaryimage","url":"https:\/\/www.joseppons.net\/wp-content\/uploads\/2025\/06\/Pons_Perianes_Liceu.jpg","contentUrl":"https:\/\/www.joseppons.net\/wp-content\/uploads\/2025\/06\/Pons_Perianes_Liceu.jpg","width":1650,"height":1100},{"@type":"BreadcrumbList","@id":"https:\/\/www.joseppons.net\/es\/el-maestro-josep-pons-saca-el-disco-de-ravel-jeux-de-miroirs-con-javier-perianes-y-lochestre-de-paris\/#breadcrumb","itemListElement":[{"@type":"ListItem","position":1,"name":"Inici","item":"https:\/\/www.joseppons.net\/es\/"},{"@type":"ListItem","position":2,"name":"El maestro Josep Pons saca el disco de Ravel \u2018Jeux de miroirs\u2019 con Javier Perianes y l\u2019Ochestre de Paris"}]},{"@type":"WebSite","@id":"https:\/\/www.joseppons.net\/es\/#website","url":"https:\/\/www.joseppons.net\/es\/","name":"JOSEP PONS","description":"Comprom\u00e8s amb la m\u00fasica","publisher":{"@id":"https:\/\/www.joseppons.net\/es\/#organization"},"alternateName":"JOSEP PONS","potentialAction":[{"@type":"SearchAction","target":{"@type":"EntryPoint","urlTemplate":"https:\/\/www.joseppons.net\/es\/?s={search_term_string}"},"query-input":{"@type":"PropertyValueSpecification","valueRequired":true,"valueName":"search_term_string"}}],"inLanguage":"es"},{"@type":"Organization","@id":"https:\/\/www.joseppons.net\/es\/#organization","name":"JOSEP PONS","alternateName":"JOSEP PONS","url":"https:\/\/www.joseppons.net\/es\/","logo":{"@type":"ImageObject","inLanguage":"es","@id":"https:\/\/www.joseppons.net\/es\/#\/schema\/logo\/image\/","url":"https:\/\/www.joseppons.net\/wp-content\/uploads\/2025\/06\/cropped-favicon-jp.png","contentUrl":"https:\/\/www.joseppons.net\/wp-content\/uploads\/2025\/06\/cropped-favicon-jp.png","width":512,"height":512,"caption":"JOSEP PONS"},"image":{"@id":"https:\/\/www.joseppons.net\/es\/#\/schema\/logo\/image\/"},"sameAs":["https:\/\/www.facebook.com\/people\/Josep-Pons\/","https:\/\/www.instagram.com\/josepponsconductor\/","https:\/\/x.com\/ConductorPons","https:\/\/open.spotify.com\/artist\/1TlFTSPL1hXKUTjHIqqFvV","https:\/\/music.apple.com\/es\/artist\/josep-pons\/205799774"]},{"@type":"Person","@id":"https:\/\/www.joseppons.net\/es\/#\/schema\/person\/23015418ecd2b51e0f18b8f731c1267b","name":"Comunicaci\u00f3 Integral Neorg","image":{"@type":"ImageObject","inLanguage":"es","@id":"https:\/\/www.joseppons.net\/es\/#\/schema\/person\/image\/","url":"https:\/\/secure.gravatar.com\/avatar\/6418606c3c0fc45923d10e3a703de575df4c8c34384725b9a84f9ba56f3be664?s=96&d=mm&r=g","contentUrl":"https:\/\/secure.gravatar.com\/avatar\/6418606c3c0fc45923d10e3a703de575df4c8c34384725b9a84f9ba56f3be664?s=96&d=mm&r=g","caption":"Comunicaci\u00f3 Integral Neorg"},"sameAs":["https:\/\/www.joseppons.net\/"]}]}},"_links":{"self":[{"href":"https:\/\/www.joseppons.net\/es\/wp-json\/wp\/v2\/posts\/5280","targetHints":{"allow":["GET"]}}],"collection":[{"href":"https:\/\/www.joseppons.net\/es\/wp-json\/wp\/v2\/posts"}],"about":[{"href":"https:\/\/www.joseppons.net\/es\/wp-json\/wp\/v2\/types\/post"}],"author":[{"embeddable":true,"href":"https:\/\/www.joseppons.net\/es\/wp-json\/wp\/v2\/users\/1"}],"replies":[{"embeddable":true,"href":"https:\/\/www.joseppons.net\/es\/wp-json\/wp\/v2\/comments?post=5280"}],"version-history":[{"count":0,"href":"https:\/\/www.joseppons.net\/es\/wp-json\/wp\/v2\/posts\/5280\/revisions"}],"wp:featuredmedia":[{"embeddable":true,"href":"https:\/\/www.joseppons.net\/es\/wp-json\/wp\/v2\/media\/3601"}],"wp:attachment":[{"href":"https:\/\/www.joseppons.net\/es\/wp-json\/wp\/v2\/media?parent=5280"}],"wp:term":[{"taxonomy":"category","embeddable":true,"href":"https:\/\/www.joseppons.net\/es\/wp-json\/wp\/v2\/categories?post=5280"},{"taxonomy":"post_tag","embeddable":true,"href":"https:\/\/www.joseppons.net\/es\/wp-json\/wp\/v2\/tags?post=5280"}],"curies":[{"name":"wp","href":"https:\/\/api.w.org\/{rel}","templated":true}]}}