{"id":5281,"date":"2020-01-03T17:19:00","date_gmt":"2020-01-03T16:19:00","guid":{"rendered":"https:\/\/joseppons.neorgvirtual.com\/josep-pons-medalla-de-oro-al-merito-en-las-bellas-artes\/"},"modified":"2020-01-03T17:19:00","modified_gmt":"2020-01-03T16:19:00","slug":"josep-pons-medalla-de-oro-al-merito-en-las-bellas-artes","status":"publish","type":"post","link":"https:\/\/www.joseppons.net\/es\/josep-pons-medalla-de-oro-al-merito-en-las-bellas-artes\/","title":{"rendered":"Josep Pons, Medalla de Oro al M\u00e9rito en las Bellas Artes"},"content":{"rendered":"<p><strong>Josep Pons<\/strong>&nbsp;es&nbsp;<strong>Director Musical del Gran Teatro del Liceu de Barcelona<\/strong>&nbsp;y&nbsp;<strong>Director Honorario de la Orquesta y Coro Nacionales de Espa&ntilde;a<\/strong>. Es tambi&eacute;n&nbsp;<strong>Director Honor&iacute;fico de la Orquesta Ciudad de Granada<\/strong>, de la que fue director titular y art&iacute;stico,&nbsp;y&nbsp;<strong>fundador de la Orquestra de Cambra Teatre Lliure de Barcelona<\/strong>&nbsp;y de la&nbsp;<strong>Jove Orquestra Nacional de Catalunya<\/strong>. Fue director musical de las&nbsp;<strong>Ceremonias Ol&iacute;mpicas Barcelona 92<\/strong>.<\/p>\n<p>Como director musical del&nbsp;<strong>Gran Teatre del Liceu<\/strong>&nbsp;dirige numerosas producciones en Barcelona, donde esta temporada ha estrenado una exitosa&nbsp;<strong><em>Turandot&nbsp;<\/em>conmemorativa del 20 aniversario del Liceu<\/strong>&nbsp;y encabezar&aacute; el&nbsp;<em><strong>Lohengrin<\/strong>&nbsp;<\/em>de&nbsp;<strong>Katharina Wagner<\/strong>&nbsp;el pr&oacute;ximo mes de marzo.<\/p>\n<p>Recientemente, ha sido distinguido con el reconocimiento de&nbsp;<strong>Doctor&nbsp;<em>honoris causa&nbsp;<\/em>por la Universidad Aut&ograve;noma de Barcelona<\/strong>&nbsp;y ha estrenado un disco junto a&nbsp;<strong>Javier Perianes<\/strong>&nbsp;y la&nbsp;<strong>Orquesta de Par&iacute;s<\/strong>&nbsp;dedicado a&nbsp;<strong>Ravel<\/strong><\/p>\n","protected":false},"excerpt":{"rendered":"<p>El viernes 20 de diciembre, Jos\u00e9 Guirao, ministro de Cultura y Deporte en funciones, aprob\u00f3 la propuesta del Consejo de Ministros para la concesi\u00f3n de las Medallas de Oro al M\u00e9rito en las Bellas Artes. Entre los 24 premiados se encuentra el maestro Josep Pons, que recibe el galard\u00f3n dos d\u00e9cadas m\u00e1s tarde del Premio Nacional de M\u00fasica.<\/p>\n","protected":false},"author":1,"featured_media":5144,"comment_status":"closed","ping_status":"closed","sticky":false,"template":"","format":"standard","meta":{"_acf_changed":false,"neve_meta_sidebar":"","neve_meta_container":"","neve_meta_enable_content_width":"","neve_meta_content_width":0,"neve_meta_title_alignment":"","neve_meta_author_avatar":"","neve_post_elements_order":"","neve_meta_disable_header":"","neve_meta_disable_footer":"","neve_meta_disable_title":"","footnotes":""},"categories":[],"tags":[],"class_list":["post-5281","post","type-post","status-publish","format-standard","has-post-thumbnail","hentry"],"acf":[],"yoast_head":"<!-- This site is optimized with the Yoast SEO plugin v26.2 - https:\/\/yoast.com\/wordpress\/plugins\/seo\/ -->\n<title>Josep Pons, Medalla de Oro al M\u00e9rito en las Bellas Artes | JOSEP PONS<\/title>\n<meta name=\"robots\" content=\"index, follow, max-snippet:-1, max-image-preview:large, max-video-preview:-1\" \/>\n<link rel=\"canonical\" href=\"https:\/\/www.joseppons.net\/es\/josep-pons-medalla-de-oro-al-merito-en-las-bellas-artes\/\" \/>\n<meta property=\"og:locale\" content=\"es_ES\" \/>\n<meta property=\"og:type\" content=\"article\" \/>\n<meta property=\"og:title\" content=\"Josep Pons, Medalla de Oro al M\u00e9rito en las Bellas Artes | JOSEP PONS\" \/>\n<meta property=\"og:description\" content=\"El viernes 20 de diciembre, Jos\u00e9 Guirao, ministro de Cultura y Deporte en funciones, aprob\u00f3 la propuesta del Consejo de Ministros para la concesi\u00f3n de las Medallas de Oro al M\u00e9rito en las Bellas Artes. Entre los 24 premiados se encuentra el maestro Josep Pons, que recibe el galard\u00f3n dos d\u00e9cadas m\u00e1s tarde del Premio Nacional de M\u00fasica.\" \/>\n<meta property=\"og:url\" content=\"https:\/\/www.joseppons.net\/es\/josep-pons-medalla-de-oro-al-merito-en-las-bellas-artes\/\" \/>\n<meta property=\"og:site_name\" content=\"JOSEP PONS\" \/>\n<meta property=\"article:publisher\" content=\"https:\/\/www.facebook.com\/people\/Josep-Pons\/\" \/>\n<meta property=\"article:published_time\" content=\"2020-01-03T16:19:00+00:00\" \/>\n<meta property=\"og:image\" content=\"https:\/\/www.joseppons.net\/wp-content\/uploads\/2025\/06\/Josep_Pons_escenari_Liceu_Bofill.jpg\" \/>\n\t<meta property=\"og:image:width\" content=\"1853\" \/>\n\t<meta property=\"og:image:height\" content=\"1242\" \/>\n\t<meta property=\"og:image:type\" content=\"image\/jpeg\" \/>\n<meta name=\"author\" content=\"Comunicaci\u00f3 Integral Neorg\" \/>\n<meta name=\"twitter:card\" content=\"summary_large_image\" \/>\n<meta name=\"twitter:label1\" content=\"Escrito por\" \/>\n\t<meta name=\"twitter:data1\" content=\"Comunicaci\u00f3 Integral Neorg\" \/>\n\t<meta name=\"twitter:label2\" content=\"Tiempo de lectura\" \/>\n\t<meta name=\"twitter:data2\" content=\"1 minuto\" \/>\n<script type=\"application\/ld+json\" class=\"yoast-schema-graph\">{\"@context\":\"https:\/\/schema.org\",\"@graph\":[{\"@type\":\"Article\",\"@id\":\"https:\/\/www.joseppons.net\/es\/josep-pons-medalla-de-oro-al-merito-en-las-bellas-artes\/#article\",\"isPartOf\":{\"@id\":\"https:\/\/www.joseppons.net\/es\/josep-pons-medalla-de-oro-al-merito-en-las-bellas-artes\/\"},\"author\":{\"name\":\"Comunicaci\u00f3 Integral Neorg\",\"@id\":\"https:\/\/www.joseppons.net\/es\/#\/schema\/person\/23015418ecd2b51e0f18b8f731c1267b\"},\"headline\":\"Josep Pons, Medalla de Oro al M\u00e9rito en las Bellas Artes\",\"datePublished\":\"2020-01-03T16:19:00+00:00\",\"mainEntityOfPage\":{\"@id\":\"https:\/\/www.joseppons.net\/es\/josep-pons-medalla-de-oro-al-merito-en-las-bellas-artes\/\"},\"wordCount\":197,\"publisher\":{\"@id\":\"https:\/\/www.joseppons.net\/es\/#organization\"},\"image\":{\"@id\":\"https:\/\/www.joseppons.net\/es\/josep-pons-medalla-de-oro-al-merito-en-las-bellas-artes\/#primaryimage\"},\"thumbnailUrl\":\"https:\/\/www.joseppons.net\/wp-content\/uploads\/2025\/06\/Josep_Pons_escenari_Liceu_Bofill.jpg\",\"inLanguage\":\"es\"},{\"@type\":\"WebPage\",\"@id\":\"https:\/\/www.joseppons.net\/es\/josep-pons-medalla-de-oro-al-merito-en-las-bellas-artes\/\",\"url\":\"https:\/\/www.joseppons.net\/es\/josep-pons-medalla-de-oro-al-merito-en-las-bellas-artes\/\",\"name\":\"Josep Pons, Medalla de Oro al M\u00e9rito en las Bellas Artes | JOSEP PONS\",\"isPartOf\":{\"@id\":\"https:\/\/www.joseppons.net\/es\/#website\"},\"primaryImageOfPage\":{\"@id\":\"https:\/\/www.joseppons.net\/es\/josep-pons-medalla-de-oro-al-merito-en-las-bellas-artes\/#primaryimage\"},\"image\":{\"@id\":\"https:\/\/www.joseppons.net\/es\/josep-pons-medalla-de-oro-al-merito-en-las-bellas-artes\/#primaryimage\"},\"thumbnailUrl\":\"https:\/\/www.joseppons.net\/wp-content\/uploads\/2025\/06\/Josep_Pons_escenari_Liceu_Bofill.jpg\",\"datePublished\":\"2020-01-03T16:19:00+00:00\",\"breadcrumb\":{\"@id\":\"https:\/\/www.joseppons.net\/es\/josep-pons-medalla-de-oro-al-merito-en-las-bellas-artes\/#breadcrumb\"},\"inLanguage\":\"es\",\"potentialAction\":[{\"@type\":\"ReadAction\",\"target\":[\"https:\/\/www.joseppons.net\/es\/josep-pons-medalla-de-oro-al-merito-en-las-bellas-artes\/\"]}]},{\"@type\":\"ImageObject\",\"inLanguage\":\"es\",\"@id\":\"https:\/\/www.joseppons.net\/es\/josep-pons-medalla-de-oro-al-merito-en-las-bellas-artes\/#primaryimage\",\"url\":\"https:\/\/www.joseppons.net\/wp-content\/uploads\/2025\/06\/Josep_Pons_escenari_Liceu_Bofill.jpg\",\"contentUrl\":\"https:\/\/www.joseppons.net\/wp-content\/uploads\/2025\/06\/Josep_Pons_escenari_Liceu_Bofill.jpg\",\"width\":1853,\"height\":1242},{\"@type\":\"BreadcrumbList\",\"@id\":\"https:\/\/www.joseppons.net\/es\/josep-pons-medalla-de-oro-al-merito-en-las-bellas-artes\/#breadcrumb\",\"itemListElement\":[{\"@type\":\"ListItem\",\"position\":1,\"name\":\"Inici\",\"item\":\"https:\/\/www.joseppons.net\/es\/\"},{\"@type\":\"ListItem\",\"position\":2,\"name\":\"Josep Pons, Medalla de Oro al M\u00e9rito en las Bellas Artes\"}]},{\"@type\":\"WebSite\",\"@id\":\"https:\/\/www.joseppons.net\/es\/#website\",\"url\":\"https:\/\/www.joseppons.net\/es\/\",\"name\":\"JOSEP PONS\",\"description\":\"Comprom\u00e8s amb la m\u00fasica\",\"publisher\":{\"@id\":\"https:\/\/www.joseppons.net\/es\/#organization\"},\"alternateName\":\"JOSEP PONS\",\"potentialAction\":[{\"@type\":\"SearchAction\",\"target\":{\"@type\":\"EntryPoint\",\"urlTemplate\":\"https:\/\/www.joseppons.net\/es\/?s={search_term_string}\"},\"query-input\":{\"@type\":\"PropertyValueSpecification\",\"valueRequired\":true,\"valueName\":\"search_term_string\"}}],\"inLanguage\":\"es\"},{\"@type\":\"Organization\",\"@id\":\"https:\/\/www.joseppons.net\/es\/#organization\",\"name\":\"JOSEP PONS\",\"alternateName\":\"JOSEP PONS\",\"url\":\"https:\/\/www.joseppons.net\/es\/\",\"logo\":{\"@type\":\"ImageObject\",\"inLanguage\":\"es\",\"@id\":\"https:\/\/www.joseppons.net\/es\/#\/schema\/logo\/image\/\",\"url\":\"https:\/\/www.joseppons.net\/wp-content\/uploads\/2025\/06\/cropped-favicon-jp.png\",\"contentUrl\":\"https:\/\/www.joseppons.net\/wp-content\/uploads\/2025\/06\/cropped-favicon-jp.png\",\"width\":512,\"height\":512,\"caption\":\"JOSEP PONS\"},\"image\":{\"@id\":\"https:\/\/www.joseppons.net\/es\/#\/schema\/logo\/image\/\"},\"sameAs\":[\"https:\/\/www.facebook.com\/people\/Josep-Pons\/\",\"https:\/\/www.instagram.com\/josepponsconductor\/\",\"https:\/\/x.com\/ConductorPons\",\"https:\/\/open.spotify.com\/artist\/1TlFTSPL1hXKUTjHIqqFvV\",\"https:\/\/music.apple.com\/es\/artist\/josep-pons\/205799774\"]},{\"@type\":\"Person\",\"@id\":\"https:\/\/www.joseppons.net\/es\/#\/schema\/person\/23015418ecd2b51e0f18b8f731c1267b\",\"name\":\"Comunicaci\u00f3 Integral Neorg\",\"image\":{\"@type\":\"ImageObject\",\"inLanguage\":\"es\",\"@id\":\"https:\/\/www.joseppons.net\/es\/#\/schema\/person\/image\/\",\"url\":\"https:\/\/secure.gravatar.com\/avatar\/6418606c3c0fc45923d10e3a703de575df4c8c34384725b9a84f9ba56f3be664?s=96&d=mm&r=g\",\"contentUrl\":\"https:\/\/secure.gravatar.com\/avatar\/6418606c3c0fc45923d10e3a703de575df4c8c34384725b9a84f9ba56f3be664?s=96&d=mm&r=g\",\"caption\":\"Comunicaci\u00f3 Integral Neorg\"},\"sameAs\":[\"https:\/\/www.joseppons.net\/\"]}]}<\/script>\n<!-- \/ Yoast SEO plugin. -->","yoast_head_json":{"title":"Josep Pons, Medalla de Oro al M\u00e9rito en las Bellas Artes | JOSEP PONS","robots":{"index":"index","follow":"follow","max-snippet":"max-snippet:-1","max-image-preview":"max-image-preview:large","max-video-preview":"max-video-preview:-1"},"canonical":"https:\/\/www.joseppons.net\/es\/josep-pons-medalla-de-oro-al-merito-en-las-bellas-artes\/","og_locale":"es_ES","og_type":"article","og_title":"Josep Pons, Medalla de Oro al M\u00e9rito en las Bellas Artes | JOSEP PONS","og_description":"El viernes 20 de diciembre, Jos\u00e9 Guirao, ministro de Cultura y Deporte en funciones, aprob\u00f3 la propuesta del Consejo de Ministros para la concesi\u00f3n de las Medallas de Oro al M\u00e9rito en las Bellas Artes. Entre los 24 premiados se encuentra el maestro Josep Pons, que recibe el galard\u00f3n dos d\u00e9cadas m\u00e1s tarde del Premio Nacional de M\u00fasica.","og_url":"https:\/\/www.joseppons.net\/es\/josep-pons-medalla-de-oro-al-merito-en-las-bellas-artes\/","og_site_name":"JOSEP PONS","article_publisher":"https:\/\/www.facebook.com\/people\/Josep-Pons\/","article_published_time":"2020-01-03T16:19:00+00:00","og_image":[{"width":1853,"height":1242,"url":"https:\/\/www.joseppons.net\/wp-content\/uploads\/2025\/06\/Josep_Pons_escenari_Liceu_Bofill.jpg","type":"image\/jpeg"}],"author":"Comunicaci\u00f3 Integral Neorg","twitter_card":"summary_large_image","twitter_misc":{"Escrito por":"Comunicaci\u00f3 Integral Neorg","Tiempo de lectura":"1 minuto"},"schema":{"@context":"https:\/\/schema.org","@graph":[{"@type":"Article","@id":"https:\/\/www.joseppons.net\/es\/josep-pons-medalla-de-oro-al-merito-en-las-bellas-artes\/#article","isPartOf":{"@id":"https:\/\/www.joseppons.net\/es\/josep-pons-medalla-de-oro-al-merito-en-las-bellas-artes\/"},"author":{"name":"Comunicaci\u00f3 Integral Neorg","@id":"https:\/\/www.joseppons.net\/es\/#\/schema\/person\/23015418ecd2b51e0f18b8f731c1267b"},"headline":"Josep Pons, Medalla de Oro al M\u00e9rito en las Bellas Artes","datePublished":"2020-01-03T16:19:00+00:00","mainEntityOfPage":{"@id":"https:\/\/www.joseppons.net\/es\/josep-pons-medalla-de-oro-al-merito-en-las-bellas-artes\/"},"wordCount":197,"publisher":{"@id":"https:\/\/www.joseppons.net\/es\/#organization"},"image":{"@id":"https:\/\/www.joseppons.net\/es\/josep-pons-medalla-de-oro-al-merito-en-las-bellas-artes\/#primaryimage"},"thumbnailUrl":"https:\/\/www.joseppons.net\/wp-content\/uploads\/2025\/06\/Josep_Pons_escenari_Liceu_Bofill.jpg","inLanguage":"es"},{"@type":"WebPage","@id":"https:\/\/www.joseppons.net\/es\/josep-pons-medalla-de-oro-al-merito-en-las-bellas-artes\/","url":"https:\/\/www.joseppons.net\/es\/josep-pons-medalla-de-oro-al-merito-en-las-bellas-artes\/","name":"Josep Pons, Medalla de Oro al M\u00e9rito en las Bellas Artes | JOSEP PONS","isPartOf":{"@id":"https:\/\/www.joseppons.net\/es\/#website"},"primaryImageOfPage":{"@id":"https:\/\/www.joseppons.net\/es\/josep-pons-medalla-de-oro-al-merito-en-las-bellas-artes\/#primaryimage"},"image":{"@id":"https:\/\/www.joseppons.net\/es\/josep-pons-medalla-de-oro-al-merito-en-las-bellas-artes\/#primaryimage"},"thumbnailUrl":"https:\/\/www.joseppons.net\/wp-content\/uploads\/2025\/06\/Josep_Pons_escenari_Liceu_Bofill.jpg","datePublished":"2020-01-03T16:19:00+00:00","breadcrumb":{"@id":"https:\/\/www.joseppons.net\/es\/josep-pons-medalla-de-oro-al-merito-en-las-bellas-artes\/#breadcrumb"},"inLanguage":"es","potentialAction":[{"@type":"ReadAction","target":["https:\/\/www.joseppons.net\/es\/josep-pons-medalla-de-oro-al-merito-en-las-bellas-artes\/"]}]},{"@type":"ImageObject","inLanguage":"es","@id":"https:\/\/www.joseppons.net\/es\/josep-pons-medalla-de-oro-al-merito-en-las-bellas-artes\/#primaryimage","url":"https:\/\/www.joseppons.net\/wp-content\/uploads\/2025\/06\/Josep_Pons_escenari_Liceu_Bofill.jpg","contentUrl":"https:\/\/www.joseppons.net\/wp-content\/uploads\/2025\/06\/Josep_Pons_escenari_Liceu_Bofill.jpg","width":1853,"height":1242},{"@type":"BreadcrumbList","@id":"https:\/\/www.joseppons.net\/es\/josep-pons-medalla-de-oro-al-merito-en-las-bellas-artes\/#breadcrumb","itemListElement":[{"@type":"ListItem","position":1,"name":"Inici","item":"https:\/\/www.joseppons.net\/es\/"},{"@type":"ListItem","position":2,"name":"Josep Pons, Medalla de Oro al M\u00e9rito en las Bellas Artes"}]},{"@type":"WebSite","@id":"https:\/\/www.joseppons.net\/es\/#website","url":"https:\/\/www.joseppons.net\/es\/","name":"JOSEP PONS","description":"Comprom\u00e8s amb la m\u00fasica","publisher":{"@id":"https:\/\/www.joseppons.net\/es\/#organization"},"alternateName":"JOSEP PONS","potentialAction":[{"@type":"SearchAction","target":{"@type":"EntryPoint","urlTemplate":"https:\/\/www.joseppons.net\/es\/?s={search_term_string}"},"query-input":{"@type":"PropertyValueSpecification","valueRequired":true,"valueName":"search_term_string"}}],"inLanguage":"es"},{"@type":"Organization","@id":"https:\/\/www.joseppons.net\/es\/#organization","name":"JOSEP PONS","alternateName":"JOSEP PONS","url":"https:\/\/www.joseppons.net\/es\/","logo":{"@type":"ImageObject","inLanguage":"es","@id":"https:\/\/www.joseppons.net\/es\/#\/schema\/logo\/image\/","url":"https:\/\/www.joseppons.net\/wp-content\/uploads\/2025\/06\/cropped-favicon-jp.png","contentUrl":"https:\/\/www.joseppons.net\/wp-content\/uploads\/2025\/06\/cropped-favicon-jp.png","width":512,"height":512,"caption":"JOSEP PONS"},"image":{"@id":"https:\/\/www.joseppons.net\/es\/#\/schema\/logo\/image\/"},"sameAs":["https:\/\/www.facebook.com\/people\/Josep-Pons\/","https:\/\/www.instagram.com\/josepponsconductor\/","https:\/\/x.com\/ConductorPons","https:\/\/open.spotify.com\/artist\/1TlFTSPL1hXKUTjHIqqFvV","https:\/\/music.apple.com\/es\/artist\/josep-pons\/205799774"]},{"@type":"Person","@id":"https:\/\/www.joseppons.net\/es\/#\/schema\/person\/23015418ecd2b51e0f18b8f731c1267b","name":"Comunicaci\u00f3 Integral Neorg","image":{"@type":"ImageObject","inLanguage":"es","@id":"https:\/\/www.joseppons.net\/es\/#\/schema\/person\/image\/","url":"https:\/\/secure.gravatar.com\/avatar\/6418606c3c0fc45923d10e3a703de575df4c8c34384725b9a84f9ba56f3be664?s=96&d=mm&r=g","contentUrl":"https:\/\/secure.gravatar.com\/avatar\/6418606c3c0fc45923d10e3a703de575df4c8c34384725b9a84f9ba56f3be664?s=96&d=mm&r=g","caption":"Comunicaci\u00f3 Integral Neorg"},"sameAs":["https:\/\/www.joseppons.net\/"]}]}},"_links":{"self":[{"href":"https:\/\/www.joseppons.net\/es\/wp-json\/wp\/v2\/posts\/5281","targetHints":{"allow":["GET"]}}],"collection":[{"href":"https:\/\/www.joseppons.net\/es\/wp-json\/wp\/v2\/posts"}],"about":[{"href":"https:\/\/www.joseppons.net\/es\/wp-json\/wp\/v2\/types\/post"}],"author":[{"embeddable":true,"href":"https:\/\/www.joseppons.net\/es\/wp-json\/wp\/v2\/users\/1"}],"replies":[{"embeddable":true,"href":"https:\/\/www.joseppons.net\/es\/wp-json\/wp\/v2\/comments?post=5281"}],"version-history":[{"count":0,"href":"https:\/\/www.joseppons.net\/es\/wp-json\/wp\/v2\/posts\/5281\/revisions"}],"wp:featuredmedia":[{"embeddable":true,"href":"https:\/\/www.joseppons.net\/es\/wp-json\/wp\/v2\/media\/5144"}],"wp:attachment":[{"href":"https:\/\/www.joseppons.net\/es\/wp-json\/wp\/v2\/media?parent=5281"}],"wp:term":[{"taxonomy":"category","embeddable":true,"href":"https:\/\/www.joseppons.net\/es\/wp-json\/wp\/v2\/categories?post=5281"},{"taxonomy":"post_tag","embeddable":true,"href":"https:\/\/www.joseppons.net\/es\/wp-json\/wp\/v2\/tags?post=5281"}],"curies":[{"name":"wp","href":"https:\/\/api.w.org\/{rel}","templated":true}]}}