{"id":5313,"date":"2024-09-27T08:36:00","date_gmt":"2024-09-27T06:36:00","guid":{"rendered":"https:\/\/joseppons.neorgvirtual.com\/liceo-inaugura-temporada-con-lady-macbeth-de-xostakovitx-en-una-producion-espectacular-firmada-por-alex-olle-y-direccion-musical-de-josep-pons\/"},"modified":"2025-11-10T10:18:06","modified_gmt":"2025-11-10T09:18:06","slug":"liceo-inaugura-temporada-con-lady-macbeth-de-xostakovitx-en-una-producion-espectacular-firmada-por-alex-olle-y-direccion-musical-de-josep-pons","status":"publish","type":"post","link":"https:\/\/www.joseppons.net\/es\/liceo-inaugura-temporada-con-lady-macbeth-de-xostakovitx-en-una-producion-espectacular-firmada-por-alex-olle-y-direccion-musical-de-josep-pons\/","title":{"rendered":"Lady Macbeth de Mtsensk inaugura la temporada del Liceu bajo la direcci\u00f3n de Josep Pons i \u00c0lex Oll\u00e9"},"content":{"rendered":"<p data-start=\"249\" data-end=\"555\">El <strong data-start=\"252\" data-end=\"277\">Gran Teatre del Liceu<\/strong> ha inaugurado su temporada 2024-2025 con la \u00f3pera <em data-start=\"328\" data-end=\"353\">Lady Macbeth de Mtsensk<\/em> de <strong data-start=\"357\" data-end=\"380\">Dmitri Shostak\u00f3vich<\/strong>, dirigida musicalmente por <strong data-start=\"408\" data-end=\"422\">Josep Pons<\/strong>. La obra, conocida por su complejidad e intensidad dram\u00e1tica, forma parte del compromiso del Liceu con el repertorio del siglo XX.<\/p>\n<p data-start=\"557\" data-end=\"765\">La producci\u00f3n, firmada por <strong data-start=\"584\" data-end=\"617\">\u00c0lex Oll\u00e9 (La Fura dels Baus)<\/strong>, destaca por una escenograf\u00eda imponente que incluye una piscina con m\u00e1s de <strong data-start=\"693\" data-end=\"718\">10.000 litros de agua<\/strong>, utilizada como elemento simb\u00f3lico y visual.<\/p>\n<blockquote>\n<p data-start=\"767\" data-end=\"1003\">Josep Pons ha subrayado que <em data-start=\"795\" data-end=\"901\">\u201cdirigir esta \u00f3pera es un reto musical y emocional que pone a prueba todas las secciones de la orquesta\u201d<\/em>. Su lectura busca resaltar tanto la fuerza orquestal como los momentos m\u00e1s \u00edntimos de la partitura.<\/p>\n<\/blockquote>\n<p data-start=\"1005\" data-end=\"1211\">Esta producci\u00f3n estar\u00e1 en cartel en el Liceu durante el mes de noviembre, con un reparto internacional y la participaci\u00f3n del Coro y la Orquesta del Gran Teatre del Liceu.<\/p>\n","protected":false},"excerpt":{"rendered":"<p>El Gran Teatre del Liceu ha inaugurado su temporada 2024-2025 con la \u00f3pera Lady Macbeth de Mtsensk de Dmitri Shostak\u00f3vich, dirigida musicalmente por Josep Pons. La obra, conocida por su complejidad e intensidad dram\u00e1tica, forma parte del compromiso del Liceu con el repertorio del siglo XX. La producci\u00f3n, firmada por \u00c0lex Oll\u00e9 (La Fura dels&hellip;&nbsp;<a href=\"https:\/\/www.joseppons.net\/es\/liceo-inaugura-temporada-con-lady-macbeth-de-xostakovitx-en-una-producion-espectacular-firmada-por-alex-olle-y-direccion-musical-de-josep-pons\/\" rel=\"bookmark\"><span class=\"screen-reader-text\">Lady Macbeth de Mtsensk inaugura la temporada del Liceu bajo la direcci\u00f3n de Josep Pons i \u00c0lex Oll\u00e9<\/span><\/a><\/p>\n","protected":false},"author":1,"featured_media":5255,"comment_status":"closed","ping_status":"closed","sticky":false,"template":"","format":"standard","meta":{"_acf_changed":false,"neve_meta_sidebar":"","neve_meta_container":"","neve_meta_enable_content_width":"off","neve_meta_content_width":70,"neve_meta_title_alignment":"","neve_meta_author_avatar":"","neve_post_elements_order":"","neve_meta_disable_header":"","neve_meta_disable_footer":"","neve_meta_disable_title":"","footnotes":""},"categories":[],"tags":[],"class_list":["post-5313","post","type-post","status-publish","format-standard","has-post-thumbnail","hentry"],"acf":[],"yoast_head":"<!-- This site is optimized with the Yoast SEO plugin v26.2 - https:\/\/yoast.com\/wordpress\/plugins\/seo\/ -->\n<title>Lady Macbeth de Mtsensk inaugura la temporada del Liceu bajo la direcci\u00f3n de Josep Pons i \u00c0lex Oll\u00e9 | JOSEP PONS<\/title>\n<meta name=\"robots\" content=\"index, follow, max-snippet:-1, max-image-preview:large, max-video-preview:-1\" \/>\n<link rel=\"canonical\" href=\"https:\/\/www.joseppons.net\/es\/liceo-inaugura-temporada-con-lady-macbeth-de-xostakovitx-en-una-producion-espectacular-firmada-por-alex-olle-y-direccion-musical-de-josep-pons\/\" \/>\n<meta property=\"og:locale\" content=\"es_ES\" \/>\n<meta property=\"og:type\" content=\"article\" \/>\n<meta property=\"og:title\" content=\"Lady Macbeth de Mtsensk inaugura la temporada del Liceu bajo la direcci\u00f3n de Josep Pons i \u00c0lex Oll\u00e9 | JOSEP PONS\" \/>\n<meta property=\"og:description\" content=\"El Gran Teatre del Liceu ha inaugurado su temporada 2024-2025 con la \u00f3pera Lady Macbeth de Mtsensk de Dmitri Shostak\u00f3vich, dirigida musicalmente por Josep Pons. La obra, conocida por su complejidad e intensidad dram\u00e1tica, forma parte del compromiso del Liceu con el repertorio del siglo XX. La producci\u00f3n, firmada por \u00c0lex Oll\u00e9 (La Fura dels&hellip;&nbsp;Lady Macbeth de Mtsensk inaugura la temporada del Liceu bajo la direcci\u00f3n de Josep Pons i \u00c0lex Oll\u00e9\" \/>\n<meta property=\"og:url\" content=\"https:\/\/www.joseppons.net\/es\/liceo-inaugura-temporada-con-lady-macbeth-de-xostakovitx-en-una-producion-espectacular-firmada-por-alex-olle-y-direccion-musical-de-josep-pons\/\" \/>\n<meta property=\"og:site_name\" content=\"JOSEP PONS\" \/>\n<meta property=\"article:publisher\" content=\"https:\/\/www.facebook.com\/people\/Josep-Pons\/\" \/>\n<meta property=\"article:published_time\" content=\"2024-09-27T06:36:00+00:00\" \/>\n<meta property=\"article:modified_time\" content=\"2025-11-10T09:18:06+00:00\" \/>\n<meta property=\"og:image\" content=\"https:\/\/www.joseppons.net\/wp-content\/uploads\/2025\/06\/RDP_Lady_Macbeth_01.jpg\" \/>\n\t<meta property=\"og:image:width\" content=\"1650\" \/>\n\t<meta property=\"og:image:height\" content=\"1100\" \/>\n\t<meta property=\"og:image:type\" content=\"image\/jpeg\" \/>\n<meta name=\"author\" content=\"Comunicaci\u00f3 Integral Neorg\" \/>\n<meta name=\"twitter:card\" content=\"summary_large_image\" \/>\n<meta name=\"twitter:label1\" content=\"Escrito por\" \/>\n\t<meta name=\"twitter:data1\" content=\"Comunicaci\u00f3 Integral Neorg\" \/>\n\t<meta name=\"twitter:label2\" content=\"Tiempo de lectura\" \/>\n\t<meta name=\"twitter:data2\" content=\"1 minuto\" \/>\n<script type=\"application\/ld+json\" class=\"yoast-schema-graph\">{\"@context\":\"https:\/\/schema.org\",\"@graph\":[{\"@type\":\"Article\",\"@id\":\"https:\/\/www.joseppons.net\/es\/liceo-inaugura-temporada-con-lady-macbeth-de-xostakovitx-en-una-producion-espectacular-firmada-por-alex-olle-y-direccion-musical-de-josep-pons\/#article\",\"isPartOf\":{\"@id\":\"https:\/\/www.joseppons.net\/es\/liceo-inaugura-temporada-con-lady-macbeth-de-xostakovitx-en-una-producion-espectacular-firmada-por-alex-olle-y-direccion-musical-de-josep-pons\/\"},\"author\":{\"name\":\"Comunicaci\u00f3 Integral Neorg\",\"@id\":\"https:\/\/www.joseppons.net\/es\/#\/schema\/person\/23015418ecd2b51e0f18b8f731c1267b\"},\"headline\":\"Lady Macbeth de Mtsensk inaugura la temporada del Liceu bajo la direcci\u00f3n de Josep Pons i \u00c0lex Oll\u00e9\",\"datePublished\":\"2024-09-27T06:36:00+00:00\",\"dateModified\":\"2025-11-10T09:18:06+00:00\",\"mainEntityOfPage\":{\"@id\":\"https:\/\/www.joseppons.net\/es\/liceo-inaugura-temporada-con-lady-macbeth-de-xostakovitx-en-una-producion-espectacular-firmada-por-alex-olle-y-direccion-musical-de-josep-pons\/\"},\"wordCount\":175,\"publisher\":{\"@id\":\"https:\/\/www.joseppons.net\/es\/#organization\"},\"image\":{\"@id\":\"https:\/\/www.joseppons.net\/es\/liceo-inaugura-temporada-con-lady-macbeth-de-xostakovitx-en-una-producion-espectacular-firmada-por-alex-olle-y-direccion-musical-de-josep-pons\/#primaryimage\"},\"thumbnailUrl\":\"https:\/\/www.joseppons.net\/wp-content\/uploads\/2025\/06\/RDP_Lady_Macbeth_01.jpg\",\"inLanguage\":\"es\"},{\"@type\":\"WebPage\",\"@id\":\"https:\/\/www.joseppons.net\/es\/liceo-inaugura-temporada-con-lady-macbeth-de-xostakovitx-en-una-producion-espectacular-firmada-por-alex-olle-y-direccion-musical-de-josep-pons\/\",\"url\":\"https:\/\/www.joseppons.net\/es\/liceo-inaugura-temporada-con-lady-macbeth-de-xostakovitx-en-una-producion-espectacular-firmada-por-alex-olle-y-direccion-musical-de-josep-pons\/\",\"name\":\"Lady Macbeth de Mtsensk inaugura la temporada del Liceu bajo la direcci\u00f3n de Josep Pons i \u00c0lex Oll\u00e9 | JOSEP PONS\",\"isPartOf\":{\"@id\":\"https:\/\/www.joseppons.net\/es\/#website\"},\"primaryImageOfPage\":{\"@id\":\"https:\/\/www.joseppons.net\/es\/liceo-inaugura-temporada-con-lady-macbeth-de-xostakovitx-en-una-producion-espectacular-firmada-por-alex-olle-y-direccion-musical-de-josep-pons\/#primaryimage\"},\"image\":{\"@id\":\"https:\/\/www.joseppons.net\/es\/liceo-inaugura-temporada-con-lady-macbeth-de-xostakovitx-en-una-producion-espectacular-firmada-por-alex-olle-y-direccion-musical-de-josep-pons\/#primaryimage\"},\"thumbnailUrl\":\"https:\/\/www.joseppons.net\/wp-content\/uploads\/2025\/06\/RDP_Lady_Macbeth_01.jpg\",\"datePublished\":\"2024-09-27T06:36:00+00:00\",\"dateModified\":\"2025-11-10T09:18:06+00:00\",\"breadcrumb\":{\"@id\":\"https:\/\/www.joseppons.net\/es\/liceo-inaugura-temporada-con-lady-macbeth-de-xostakovitx-en-una-producion-espectacular-firmada-por-alex-olle-y-direccion-musical-de-josep-pons\/#breadcrumb\"},\"inLanguage\":\"es\",\"potentialAction\":[{\"@type\":\"ReadAction\",\"target\":[\"https:\/\/www.joseppons.net\/es\/liceo-inaugura-temporada-con-lady-macbeth-de-xostakovitx-en-una-producion-espectacular-firmada-por-alex-olle-y-direccion-musical-de-josep-pons\/\"]}]},{\"@type\":\"ImageObject\",\"inLanguage\":\"es\",\"@id\":\"https:\/\/www.joseppons.net\/es\/liceo-inaugura-temporada-con-lady-macbeth-de-xostakovitx-en-una-producion-espectacular-firmada-por-alex-olle-y-direccion-musical-de-josep-pons\/#primaryimage\",\"url\":\"https:\/\/www.joseppons.net\/wp-content\/uploads\/2025\/06\/RDP_Lady_Macbeth_01.jpg\",\"contentUrl\":\"https:\/\/www.joseppons.net\/wp-content\/uploads\/2025\/06\/RDP_Lady_Macbeth_01.jpg\",\"width\":1650,\"height\":1100},{\"@type\":\"BreadcrumbList\",\"@id\":\"https:\/\/www.joseppons.net\/es\/liceo-inaugura-temporada-con-lady-macbeth-de-xostakovitx-en-una-producion-espectacular-firmada-por-alex-olle-y-direccion-musical-de-josep-pons\/#breadcrumb\",\"itemListElement\":[{\"@type\":\"ListItem\",\"position\":1,\"name\":\"Inici\",\"item\":\"https:\/\/www.joseppons.net\/es\/\"},{\"@type\":\"ListItem\",\"position\":2,\"name\":\"Lady Macbeth de Mtsensk inaugura la temporada del Liceu bajo la direcci\u00f3n de Josep Pons i \u00c0lex Oll\u00e9\"}]},{\"@type\":\"WebSite\",\"@id\":\"https:\/\/www.joseppons.net\/es\/#website\",\"url\":\"https:\/\/www.joseppons.net\/es\/\",\"name\":\"JOSEP PONS\",\"description\":\"Comprom\u00e8s amb la m\u00fasica\",\"publisher\":{\"@id\":\"https:\/\/www.joseppons.net\/es\/#organization\"},\"alternateName\":\"JOSEP PONS\",\"potentialAction\":[{\"@type\":\"SearchAction\",\"target\":{\"@type\":\"EntryPoint\",\"urlTemplate\":\"https:\/\/www.joseppons.net\/es\/?s={search_term_string}\"},\"query-input\":{\"@type\":\"PropertyValueSpecification\",\"valueRequired\":true,\"valueName\":\"search_term_string\"}}],\"inLanguage\":\"es\"},{\"@type\":\"Organization\",\"@id\":\"https:\/\/www.joseppons.net\/es\/#organization\",\"name\":\"JOSEP PONS\",\"alternateName\":\"JOSEP PONS\",\"url\":\"https:\/\/www.joseppons.net\/es\/\",\"logo\":{\"@type\":\"ImageObject\",\"inLanguage\":\"es\",\"@id\":\"https:\/\/www.joseppons.net\/es\/#\/schema\/logo\/image\/\",\"url\":\"https:\/\/www.joseppons.net\/wp-content\/uploads\/2025\/06\/cropped-favicon-jp.png\",\"contentUrl\":\"https:\/\/www.joseppons.net\/wp-content\/uploads\/2025\/06\/cropped-favicon-jp.png\",\"width\":512,\"height\":512,\"caption\":\"JOSEP PONS\"},\"image\":{\"@id\":\"https:\/\/www.joseppons.net\/es\/#\/schema\/logo\/image\/\"},\"sameAs\":[\"https:\/\/www.facebook.com\/people\/Josep-Pons\/\",\"https:\/\/www.instagram.com\/josepponsconductor\/\",\"https:\/\/x.com\/ConductorPons\",\"https:\/\/open.spotify.com\/artist\/1TlFTSPL1hXKUTjHIqqFvV\",\"https:\/\/music.apple.com\/es\/artist\/josep-pons\/205799774\"]},{\"@type\":\"Person\",\"@id\":\"https:\/\/www.joseppons.net\/es\/#\/schema\/person\/23015418ecd2b51e0f18b8f731c1267b\",\"name\":\"Comunicaci\u00f3 Integral Neorg\",\"image\":{\"@type\":\"ImageObject\",\"inLanguage\":\"es\",\"@id\":\"https:\/\/www.joseppons.net\/es\/#\/schema\/person\/image\/\",\"url\":\"https:\/\/secure.gravatar.com\/avatar\/6418606c3c0fc45923d10e3a703de575df4c8c34384725b9a84f9ba56f3be664?s=96&d=mm&r=g\",\"contentUrl\":\"https:\/\/secure.gravatar.com\/avatar\/6418606c3c0fc45923d10e3a703de575df4c8c34384725b9a84f9ba56f3be664?s=96&d=mm&r=g\",\"caption\":\"Comunicaci\u00f3 Integral Neorg\"},\"sameAs\":[\"https:\/\/www.joseppons.net\/\"]}]}<\/script>\n<!-- \/ Yoast SEO plugin. -->","yoast_head_json":{"title":"Lady Macbeth de Mtsensk inaugura la temporada del Liceu bajo la direcci\u00f3n de Josep Pons i \u00c0lex Oll\u00e9 | JOSEP PONS","robots":{"index":"index","follow":"follow","max-snippet":"max-snippet:-1","max-image-preview":"max-image-preview:large","max-video-preview":"max-video-preview:-1"},"canonical":"https:\/\/www.joseppons.net\/es\/liceo-inaugura-temporada-con-lady-macbeth-de-xostakovitx-en-una-producion-espectacular-firmada-por-alex-olle-y-direccion-musical-de-josep-pons\/","og_locale":"es_ES","og_type":"article","og_title":"Lady Macbeth de Mtsensk inaugura la temporada del Liceu bajo la direcci\u00f3n de Josep Pons i \u00c0lex Oll\u00e9 | JOSEP PONS","og_description":"El Gran Teatre del Liceu ha inaugurado su temporada 2024-2025 con la \u00f3pera Lady Macbeth de Mtsensk de Dmitri Shostak\u00f3vich, dirigida musicalmente por Josep Pons. La obra, conocida por su complejidad e intensidad dram\u00e1tica, forma parte del compromiso del Liceu con el repertorio del siglo XX. La producci\u00f3n, firmada por \u00c0lex Oll\u00e9 (La Fura dels&hellip;&nbsp;Lady Macbeth de Mtsensk inaugura la temporada del Liceu bajo la direcci\u00f3n de Josep Pons i \u00c0lex Oll\u00e9","og_url":"https:\/\/www.joseppons.net\/es\/liceo-inaugura-temporada-con-lady-macbeth-de-xostakovitx-en-una-producion-espectacular-firmada-por-alex-olle-y-direccion-musical-de-josep-pons\/","og_site_name":"JOSEP PONS","article_publisher":"https:\/\/www.facebook.com\/people\/Josep-Pons\/","article_published_time":"2024-09-27T06:36:00+00:00","article_modified_time":"2025-11-10T09:18:06+00:00","og_image":[{"width":1650,"height":1100,"url":"https:\/\/www.joseppons.net\/wp-content\/uploads\/2025\/06\/RDP_Lady_Macbeth_01.jpg","type":"image\/jpeg"}],"author":"Comunicaci\u00f3 Integral Neorg","twitter_card":"summary_large_image","twitter_misc":{"Escrito por":"Comunicaci\u00f3 Integral Neorg","Tiempo de lectura":"1 minuto"},"schema":{"@context":"https:\/\/schema.org","@graph":[{"@type":"Article","@id":"https:\/\/www.joseppons.net\/es\/liceo-inaugura-temporada-con-lady-macbeth-de-xostakovitx-en-una-producion-espectacular-firmada-por-alex-olle-y-direccion-musical-de-josep-pons\/#article","isPartOf":{"@id":"https:\/\/www.joseppons.net\/es\/liceo-inaugura-temporada-con-lady-macbeth-de-xostakovitx-en-una-producion-espectacular-firmada-por-alex-olle-y-direccion-musical-de-josep-pons\/"},"author":{"name":"Comunicaci\u00f3 Integral Neorg","@id":"https:\/\/www.joseppons.net\/es\/#\/schema\/person\/23015418ecd2b51e0f18b8f731c1267b"},"headline":"Lady Macbeth de Mtsensk inaugura la temporada del Liceu bajo la direcci\u00f3n de Josep Pons i \u00c0lex Oll\u00e9","datePublished":"2024-09-27T06:36:00+00:00","dateModified":"2025-11-10T09:18:06+00:00","mainEntityOfPage":{"@id":"https:\/\/www.joseppons.net\/es\/liceo-inaugura-temporada-con-lady-macbeth-de-xostakovitx-en-una-producion-espectacular-firmada-por-alex-olle-y-direccion-musical-de-josep-pons\/"},"wordCount":175,"publisher":{"@id":"https:\/\/www.joseppons.net\/es\/#organization"},"image":{"@id":"https:\/\/www.joseppons.net\/es\/liceo-inaugura-temporada-con-lady-macbeth-de-xostakovitx-en-una-producion-espectacular-firmada-por-alex-olle-y-direccion-musical-de-josep-pons\/#primaryimage"},"thumbnailUrl":"https:\/\/www.joseppons.net\/wp-content\/uploads\/2025\/06\/RDP_Lady_Macbeth_01.jpg","inLanguage":"es"},{"@type":"WebPage","@id":"https:\/\/www.joseppons.net\/es\/liceo-inaugura-temporada-con-lady-macbeth-de-xostakovitx-en-una-producion-espectacular-firmada-por-alex-olle-y-direccion-musical-de-josep-pons\/","url":"https:\/\/www.joseppons.net\/es\/liceo-inaugura-temporada-con-lady-macbeth-de-xostakovitx-en-una-producion-espectacular-firmada-por-alex-olle-y-direccion-musical-de-josep-pons\/","name":"Lady Macbeth de Mtsensk inaugura la temporada del Liceu bajo la direcci\u00f3n de Josep Pons i \u00c0lex Oll\u00e9 | JOSEP PONS","isPartOf":{"@id":"https:\/\/www.joseppons.net\/es\/#website"},"primaryImageOfPage":{"@id":"https:\/\/www.joseppons.net\/es\/liceo-inaugura-temporada-con-lady-macbeth-de-xostakovitx-en-una-producion-espectacular-firmada-por-alex-olle-y-direccion-musical-de-josep-pons\/#primaryimage"},"image":{"@id":"https:\/\/www.joseppons.net\/es\/liceo-inaugura-temporada-con-lady-macbeth-de-xostakovitx-en-una-producion-espectacular-firmada-por-alex-olle-y-direccion-musical-de-josep-pons\/#primaryimage"},"thumbnailUrl":"https:\/\/www.joseppons.net\/wp-content\/uploads\/2025\/06\/RDP_Lady_Macbeth_01.jpg","datePublished":"2024-09-27T06:36:00+00:00","dateModified":"2025-11-10T09:18:06+00:00","breadcrumb":{"@id":"https:\/\/www.joseppons.net\/es\/liceo-inaugura-temporada-con-lady-macbeth-de-xostakovitx-en-una-producion-espectacular-firmada-por-alex-olle-y-direccion-musical-de-josep-pons\/#breadcrumb"},"inLanguage":"es","potentialAction":[{"@type":"ReadAction","target":["https:\/\/www.joseppons.net\/es\/liceo-inaugura-temporada-con-lady-macbeth-de-xostakovitx-en-una-producion-espectacular-firmada-por-alex-olle-y-direccion-musical-de-josep-pons\/"]}]},{"@type":"ImageObject","inLanguage":"es","@id":"https:\/\/www.joseppons.net\/es\/liceo-inaugura-temporada-con-lady-macbeth-de-xostakovitx-en-una-producion-espectacular-firmada-por-alex-olle-y-direccion-musical-de-josep-pons\/#primaryimage","url":"https:\/\/www.joseppons.net\/wp-content\/uploads\/2025\/06\/RDP_Lady_Macbeth_01.jpg","contentUrl":"https:\/\/www.joseppons.net\/wp-content\/uploads\/2025\/06\/RDP_Lady_Macbeth_01.jpg","width":1650,"height":1100},{"@type":"BreadcrumbList","@id":"https:\/\/www.joseppons.net\/es\/liceo-inaugura-temporada-con-lady-macbeth-de-xostakovitx-en-una-producion-espectacular-firmada-por-alex-olle-y-direccion-musical-de-josep-pons\/#breadcrumb","itemListElement":[{"@type":"ListItem","position":1,"name":"Inici","item":"https:\/\/www.joseppons.net\/es\/"},{"@type":"ListItem","position":2,"name":"Lady Macbeth de Mtsensk inaugura la temporada del Liceu bajo la direcci\u00f3n de Josep Pons i \u00c0lex Oll\u00e9"}]},{"@type":"WebSite","@id":"https:\/\/www.joseppons.net\/es\/#website","url":"https:\/\/www.joseppons.net\/es\/","name":"JOSEP PONS","description":"Comprom\u00e8s amb la m\u00fasica","publisher":{"@id":"https:\/\/www.joseppons.net\/es\/#organization"},"alternateName":"JOSEP PONS","potentialAction":[{"@type":"SearchAction","target":{"@type":"EntryPoint","urlTemplate":"https:\/\/www.joseppons.net\/es\/?s={search_term_string}"},"query-input":{"@type":"PropertyValueSpecification","valueRequired":true,"valueName":"search_term_string"}}],"inLanguage":"es"},{"@type":"Organization","@id":"https:\/\/www.joseppons.net\/es\/#organization","name":"JOSEP PONS","alternateName":"JOSEP PONS","url":"https:\/\/www.joseppons.net\/es\/","logo":{"@type":"ImageObject","inLanguage":"es","@id":"https:\/\/www.joseppons.net\/es\/#\/schema\/logo\/image\/","url":"https:\/\/www.joseppons.net\/wp-content\/uploads\/2025\/06\/cropped-favicon-jp.png","contentUrl":"https:\/\/www.joseppons.net\/wp-content\/uploads\/2025\/06\/cropped-favicon-jp.png","width":512,"height":512,"caption":"JOSEP PONS"},"image":{"@id":"https:\/\/www.joseppons.net\/es\/#\/schema\/logo\/image\/"},"sameAs":["https:\/\/www.facebook.com\/people\/Josep-Pons\/","https:\/\/www.instagram.com\/josepponsconductor\/","https:\/\/x.com\/ConductorPons","https:\/\/open.spotify.com\/artist\/1TlFTSPL1hXKUTjHIqqFvV","https:\/\/music.apple.com\/es\/artist\/josep-pons\/205799774"]},{"@type":"Person","@id":"https:\/\/www.joseppons.net\/es\/#\/schema\/person\/23015418ecd2b51e0f18b8f731c1267b","name":"Comunicaci\u00f3 Integral Neorg","image":{"@type":"ImageObject","inLanguage":"es","@id":"https:\/\/www.joseppons.net\/es\/#\/schema\/person\/image\/","url":"https:\/\/secure.gravatar.com\/avatar\/6418606c3c0fc45923d10e3a703de575df4c8c34384725b9a84f9ba56f3be664?s=96&d=mm&r=g","contentUrl":"https:\/\/secure.gravatar.com\/avatar\/6418606c3c0fc45923d10e3a703de575df4c8c34384725b9a84f9ba56f3be664?s=96&d=mm&r=g","caption":"Comunicaci\u00f3 Integral Neorg"},"sameAs":["https:\/\/www.joseppons.net\/"]}]}},"_links":{"self":[{"href":"https:\/\/www.joseppons.net\/es\/wp-json\/wp\/v2\/posts\/5313","targetHints":{"allow":["GET"]}}],"collection":[{"href":"https:\/\/www.joseppons.net\/es\/wp-json\/wp\/v2\/posts"}],"about":[{"href":"https:\/\/www.joseppons.net\/es\/wp-json\/wp\/v2\/types\/post"}],"author":[{"embeddable":true,"href":"https:\/\/www.joseppons.net\/es\/wp-json\/wp\/v2\/users\/1"}],"replies":[{"embeddable":true,"href":"https:\/\/www.joseppons.net\/es\/wp-json\/wp\/v2\/comments?post=5313"}],"version-history":[{"count":4,"href":"https:\/\/www.joseppons.net\/es\/wp-json\/wp\/v2\/posts\/5313\/revisions"}],"predecessor-version":[{"id":6393,"href":"https:\/\/www.joseppons.net\/es\/wp-json\/wp\/v2\/posts\/5313\/revisions\/6393"}],"wp:featuredmedia":[{"embeddable":true,"href":"https:\/\/www.joseppons.net\/es\/wp-json\/wp\/v2\/media\/5255"}],"wp:attachment":[{"href":"https:\/\/www.joseppons.net\/es\/wp-json\/wp\/v2\/media?parent=5313"}],"wp:term":[{"taxonomy":"category","embeddable":true,"href":"https:\/\/www.joseppons.net\/es\/wp-json\/wp\/v2\/categories?post=5313"},{"taxonomy":"post_tag","embeddable":true,"href":"https:\/\/www.joseppons.net\/es\/wp-json\/wp\/v2\/tags?post=5313"}],"curies":[{"name":"wp","href":"https:\/\/api.w.org\/{rel}","templated":true}]}}