{"id":6237,"date":"2025-07-09T11:39:01","date_gmt":"2025-07-09T09:39:01","guid":{"rendered":"https:\/\/www.joseppons.net\/?p=6237"},"modified":"2025-11-04T11:48:56","modified_gmt":"2025-11-04T10:48:56","slug":"josep-pons-nombrado-director-musical-honorario-del-gran-teatre-del-liceu","status":"publish","type":"post","link":"https:\/\/www.joseppons.net\/es\/josep-pons-nombrado-director-musical-honorario-del-gran-teatre-del-liceu\/","title":{"rendered":"Josep Pons, nombrado Director Musical Honorario del Gran Teatre del Liceu"},"content":{"rendered":"<p data-start=\"275\" data-end=\"591\">El <strong data-start=\"278\" data-end=\"303\">Gran Teatre del Liceu<\/strong> ha nombrado al <strong data-start=\"319\" data-end=\"341\">maestro Josep Pons<\/strong> como <strong data-start=\"347\" data-end=\"377\">Director Musical Honorario<\/strong> a partir de la temporada <strong data-start=\"403\" data-end=\"416\">2026\/2027<\/strong>, en reconocimiento a su trayectoria art\u00edstica, su compromiso con la instituci\u00f3n y su contribuci\u00f3n decisiva a la consolidaci\u00f3n art\u00edstica del Teatro durante los \u00faltimos a\u00f1os.<\/p>\n<p data-start=\"593\" data-end=\"859\">La distinci\u00f3n de <em data-start=\"610\" data-end=\"638\">director musical honorario<\/em> es un t\u00edtulo simb\u00f3lico que el Liceu otorga a aquellas personalidades que han mantenido una relaci\u00f3n profunda y duradera con la casa, y que han dejado una huella significativa en su desarrollo art\u00edstico e institucional.<\/p>\n<p data-start=\"861\" data-end=\"1154\">Durante sus <strong data-start=\"873\" data-end=\"933\">catorce a\u00f1os al frente de la direcci\u00f3n musical del Liceu<\/strong>, Josep Pons ha impulsado una etapa marcada por la excelencia y el compromiso, con una direcci\u00f3n inspiradora y una visi\u00f3n renovadora que han situado al Teatro como un <strong data-start=\"1100\" data-end=\"1151\">referente de prestigio nacional e internacional<\/strong>.<\/p>\n<p data-start=\"1156\" data-end=\"1182\">En palabras del maestro:<\/p>\n<blockquote data-start=\"1183\" data-end=\"1422\">\n<p data-start=\"1185\" data-end=\"1422\">\u201cAgradezco enormemente a la instituci\u00f3n del Gran Teatre del Liceu el honor que se me concede con el nombramiento de director musical honorario del Gran Teatre del Liceu. Es el teatro que amo, con la gente que amo y en el pa\u00eds que amo.\u201d<\/p>\n<\/blockquote>\n<p data-start=\"1424\" data-end=\"1542\">Pons tambi\u00e9n quiso expresar su reconocimiento a los <strong data-start=\"1476\" data-end=\"1508\">cuerpos musicales del Teatro<\/strong>, y especialmente a la orquesta:<\/p>\n<blockquote data-start=\"1543\" data-end=\"1787\">\n<p data-start=\"1545\" data-end=\"1787\">\u201cEn este agradecimiento no puedo olvidar a los cuerpos musicales del Teatro y, de manera muy especial, a la orquesta, mis compa\u00f1eros de viaje. Agradezco su entrega, su energ\u00eda, sus excelentes cualidades musicales, pero tambi\u00e9n las humanas.\u201d<\/p>\n<\/blockquote>\n<p data-start=\"1789\" data-end=\"2017\">Con este nombramiento, el <strong data-start=\"1815\" data-end=\"1840\">Gran Teatre del Liceu<\/strong> expresa su respeto, afecto y gratitud m\u00e1s profundos por una trayectoria art\u00edstica que trasciende el tiempo y que continuar\u00e1 siendo un referente para las futuras generaciones.<\/p>\n","protected":false},"excerpt":{"rendered":"<p>El Gran Teatre del Liceu ha nombrado al maestro Josep Pons como Director Musical Honorario a partir de la temporada 2026\/2027, en reconocimiento a su trayectoria art\u00edstica, su compromiso con la instituci\u00f3n y su contribuci\u00f3n decisiva a la consolidaci\u00f3n art\u00edstica del Teatro durante los \u00faltimos a\u00f1os. La distinci\u00f3n de director musical honorario es un t\u00edtulo&hellip;&nbsp;<a href=\"https:\/\/www.joseppons.net\/es\/josep-pons-nombrado-director-musical-honorario-del-gran-teatre-del-liceu\/\" rel=\"bookmark\"><span class=\"screen-reader-text\">Josep Pons, nombrado Director Musical Honorario del Gran Teatre del Liceu<\/span><\/a><\/p>\n","protected":false},"author":2,"featured_media":6233,"comment_status":"closed","ping_status":"closed","sticky":false,"template":"","format":"standard","meta":{"_acf_changed":false,"neve_meta_sidebar":"","neve_meta_container":"","neve_meta_enable_content_width":"off","neve_meta_content_width":100,"neve_meta_title_alignment":"","neve_meta_author_avatar":"","neve_post_elements_order":"","neve_meta_disable_header":"","neve_meta_disable_footer":"","neve_meta_disable_title":"","footnotes":""},"categories":[],"tags":[],"class_list":["post-6237","post","type-post","status-publish","format-standard","has-post-thumbnail","hentry"],"acf":[],"yoast_head":"<!-- This site is optimized with the Yoast SEO plugin v26.2 - https:\/\/yoast.com\/wordpress\/plugins\/seo\/ -->\n<title>Josep Pons, nombrado Director Musical Honorario del Gran Teatre del Liceu | JOSEP PONS<\/title>\n<meta name=\"robots\" content=\"index, follow, max-snippet:-1, max-image-preview:large, max-video-preview:-1\" \/>\n<link rel=\"canonical\" href=\"https:\/\/www.joseppons.net\/es\/josep-pons-nombrado-director-musical-honorario-del-gran-teatre-del-liceu\/\" \/>\n<meta property=\"og:locale\" content=\"es_ES\" \/>\n<meta property=\"og:type\" content=\"article\" \/>\n<meta property=\"og:title\" content=\"Josep Pons, nombrado Director Musical Honorario del Gran Teatre del Liceu | JOSEP PONS\" \/>\n<meta property=\"og:description\" content=\"El Gran Teatre del Liceu ha nombrado al maestro Josep Pons como Director Musical Honorario a partir de la temporada 2026\/2027, en reconocimiento a su trayectoria art\u00edstica, su compromiso con la instituci\u00f3n y su contribuci\u00f3n decisiva a la consolidaci\u00f3n art\u00edstica del Teatro durante los \u00faltimos a\u00f1os. La distinci\u00f3n de director musical honorario es un t\u00edtulo&hellip;&nbsp;Josep Pons, nombrado Director Musical Honorario del Gran Teatre del Liceu\" \/>\n<meta property=\"og:url\" content=\"https:\/\/www.joseppons.net\/es\/josep-pons-nombrado-director-musical-honorario-del-gran-teatre-del-liceu\/\" \/>\n<meta property=\"og:site_name\" content=\"JOSEP PONS\" \/>\n<meta property=\"article:publisher\" content=\"https:\/\/www.facebook.com\/people\/Josep-Pons\/\" \/>\n<meta property=\"article:published_time\" content=\"2025-07-09T09:39:01+00:00\" \/>\n<meta property=\"article:modified_time\" content=\"2025-11-04T10:48:56+00:00\" \/>\n<meta property=\"og:image\" content=\"https:\/\/www.joseppons.net\/wp-content\/uploads\/2025\/11\/Capcalera-Pons-Mahler-8.png\" \/>\n\t<meta property=\"og:image:width\" content=\"1470\" \/>\n\t<meta property=\"og:image:height\" content=\"820\" \/>\n\t<meta property=\"og:image:type\" content=\"image\/png\" \/>\n<meta name=\"author\" content=\"Amadeu Pons\" \/>\n<meta name=\"twitter:card\" content=\"summary_large_image\" \/>\n<meta name=\"twitter:label1\" content=\"Escrito por\" \/>\n\t<meta name=\"twitter:data1\" content=\"Amadeu Pons\" \/>\n\t<meta name=\"twitter:label2\" content=\"Tiempo de lectura\" \/>\n\t<meta name=\"twitter:data2\" content=\"2 minutos\" \/>\n<script type=\"application\/ld+json\" class=\"yoast-schema-graph\">{\"@context\":\"https:\/\/schema.org\",\"@graph\":[{\"@type\":\"Article\",\"@id\":\"https:\/\/www.joseppons.net\/es\/josep-pons-nombrado-director-musical-honorario-del-gran-teatre-del-liceu\/#article\",\"isPartOf\":{\"@id\":\"https:\/\/www.joseppons.net\/es\/josep-pons-nombrado-director-musical-honorario-del-gran-teatre-del-liceu\/\"},\"author\":{\"name\":\"Amadeu Pons\",\"@id\":\"https:\/\/www.joseppons.net\/es\/#\/schema\/person\/44d407be23690ad07475cef0d678fd26\"},\"headline\":\"Josep Pons, nombrado Director Musical Honorario del Gran Teatre del Liceu\",\"datePublished\":\"2025-07-09T09:39:01+00:00\",\"dateModified\":\"2025-11-04T10:48:56+00:00\",\"mainEntityOfPage\":{\"@id\":\"https:\/\/www.joseppons.net\/es\/josep-pons-nombrado-director-musical-honorario-del-gran-teatre-del-liceu\/\"},\"wordCount\":302,\"publisher\":{\"@id\":\"https:\/\/www.joseppons.net\/es\/#organization\"},\"image\":{\"@id\":\"https:\/\/www.joseppons.net\/es\/josep-pons-nombrado-director-musical-honorario-del-gran-teatre-del-liceu\/#primaryimage\"},\"thumbnailUrl\":\"https:\/\/www.joseppons.net\/wp-content\/uploads\/2025\/11\/Capcalera-Pons-Mahler-8.png\",\"inLanguage\":\"es\"},{\"@type\":\"WebPage\",\"@id\":\"https:\/\/www.joseppons.net\/es\/josep-pons-nombrado-director-musical-honorario-del-gran-teatre-del-liceu\/\",\"url\":\"https:\/\/www.joseppons.net\/es\/josep-pons-nombrado-director-musical-honorario-del-gran-teatre-del-liceu\/\",\"name\":\"Josep Pons, nombrado Director Musical Honorario del Gran Teatre del Liceu | JOSEP PONS\",\"isPartOf\":{\"@id\":\"https:\/\/www.joseppons.net\/es\/#website\"},\"primaryImageOfPage\":{\"@id\":\"https:\/\/www.joseppons.net\/es\/josep-pons-nombrado-director-musical-honorario-del-gran-teatre-del-liceu\/#primaryimage\"},\"image\":{\"@id\":\"https:\/\/www.joseppons.net\/es\/josep-pons-nombrado-director-musical-honorario-del-gran-teatre-del-liceu\/#primaryimage\"},\"thumbnailUrl\":\"https:\/\/www.joseppons.net\/wp-content\/uploads\/2025\/11\/Capcalera-Pons-Mahler-8.png\",\"datePublished\":\"2025-07-09T09:39:01+00:00\",\"dateModified\":\"2025-11-04T10:48:56+00:00\",\"breadcrumb\":{\"@id\":\"https:\/\/www.joseppons.net\/es\/josep-pons-nombrado-director-musical-honorario-del-gran-teatre-del-liceu\/#breadcrumb\"},\"inLanguage\":\"es\",\"potentialAction\":[{\"@type\":\"ReadAction\",\"target\":[\"https:\/\/www.joseppons.net\/es\/josep-pons-nombrado-director-musical-honorario-del-gran-teatre-del-liceu\/\"]}]},{\"@type\":\"ImageObject\",\"inLanguage\":\"es\",\"@id\":\"https:\/\/www.joseppons.net\/es\/josep-pons-nombrado-director-musical-honorario-del-gran-teatre-del-liceu\/#primaryimage\",\"url\":\"https:\/\/www.joseppons.net\/wp-content\/uploads\/2025\/11\/Capcalera-Pons-Mahler-8.png\",\"contentUrl\":\"https:\/\/www.joseppons.net\/wp-content\/uploads\/2025\/11\/Capcalera-Pons-Mahler-8.png\",\"width\":1470,\"height\":820},{\"@type\":\"BreadcrumbList\",\"@id\":\"https:\/\/www.joseppons.net\/es\/josep-pons-nombrado-director-musical-honorario-del-gran-teatre-del-liceu\/#breadcrumb\",\"itemListElement\":[{\"@type\":\"ListItem\",\"position\":1,\"name\":\"Inici\",\"item\":\"https:\/\/www.joseppons.net\/es\/\"},{\"@type\":\"ListItem\",\"position\":2,\"name\":\"Josep Pons, nombrado Director Musical Honorario del Gran Teatre del Liceu\"}]},{\"@type\":\"WebSite\",\"@id\":\"https:\/\/www.joseppons.net\/es\/#website\",\"url\":\"https:\/\/www.joseppons.net\/es\/\",\"name\":\"JOSEP PONS\",\"description\":\"Comprom\u00e8s amb la m\u00fasica\",\"publisher\":{\"@id\":\"https:\/\/www.joseppons.net\/es\/#organization\"},\"alternateName\":\"JOSEP PONS\",\"potentialAction\":[{\"@type\":\"SearchAction\",\"target\":{\"@type\":\"EntryPoint\",\"urlTemplate\":\"https:\/\/www.joseppons.net\/es\/?s={search_term_string}\"},\"query-input\":{\"@type\":\"PropertyValueSpecification\",\"valueRequired\":true,\"valueName\":\"search_term_string\"}}],\"inLanguage\":\"es\"},{\"@type\":\"Organization\",\"@id\":\"https:\/\/www.joseppons.net\/es\/#organization\",\"name\":\"JOSEP PONS\",\"alternateName\":\"JOSEP PONS\",\"url\":\"https:\/\/www.joseppons.net\/es\/\",\"logo\":{\"@type\":\"ImageObject\",\"inLanguage\":\"es\",\"@id\":\"https:\/\/www.joseppons.net\/es\/#\/schema\/logo\/image\/\",\"url\":\"https:\/\/www.joseppons.net\/wp-content\/uploads\/2025\/06\/cropped-favicon-jp.png\",\"contentUrl\":\"https:\/\/www.joseppons.net\/wp-content\/uploads\/2025\/06\/cropped-favicon-jp.png\",\"width\":512,\"height\":512,\"caption\":\"JOSEP PONS\"},\"image\":{\"@id\":\"https:\/\/www.joseppons.net\/es\/#\/schema\/logo\/image\/\"},\"sameAs\":[\"https:\/\/www.facebook.com\/people\/Josep-Pons\/\",\"https:\/\/www.instagram.com\/josepponsconductor\/\",\"https:\/\/x.com\/ConductorPons\",\"https:\/\/open.spotify.com\/artist\/1TlFTSPL1hXKUTjHIqqFvV\",\"https:\/\/music.apple.com\/es\/artist\/josep-pons\/205799774\"]},{\"@type\":\"Person\",\"@id\":\"https:\/\/www.joseppons.net\/es\/#\/schema\/person\/44d407be23690ad07475cef0d678fd26\",\"name\":\"Amadeu Pons\",\"image\":{\"@type\":\"ImageObject\",\"inLanguage\":\"es\",\"@id\":\"https:\/\/www.joseppons.net\/es\/#\/schema\/person\/image\/\",\"url\":\"https:\/\/secure.gravatar.com\/avatar\/078038e762010f124d375175896abb6bf034ab0d68d04c21c95806849bf0b094?s=96&d=mm&r=g\",\"contentUrl\":\"https:\/\/secure.gravatar.com\/avatar\/078038e762010f124d375175896abb6bf034ab0d68d04c21c95806849bf0b094?s=96&d=mm&r=g\",\"caption\":\"Amadeu Pons\"}}]}<\/script>\n<!-- \/ Yoast SEO plugin. -->","yoast_head_json":{"title":"Josep Pons, nombrado Director Musical Honorario del Gran Teatre del Liceu | JOSEP PONS","robots":{"index":"index","follow":"follow","max-snippet":"max-snippet:-1","max-image-preview":"max-image-preview:large","max-video-preview":"max-video-preview:-1"},"canonical":"https:\/\/www.joseppons.net\/es\/josep-pons-nombrado-director-musical-honorario-del-gran-teatre-del-liceu\/","og_locale":"es_ES","og_type":"article","og_title":"Josep Pons, nombrado Director Musical Honorario del Gran Teatre del Liceu | JOSEP PONS","og_description":"El Gran Teatre del Liceu ha nombrado al maestro Josep Pons como Director Musical Honorario a partir de la temporada 2026\/2027, en reconocimiento a su trayectoria art\u00edstica, su compromiso con la instituci\u00f3n y su contribuci\u00f3n decisiva a la consolidaci\u00f3n art\u00edstica del Teatro durante los \u00faltimos a\u00f1os. La distinci\u00f3n de director musical honorario es un t\u00edtulo&hellip;&nbsp;Josep Pons, nombrado Director Musical Honorario del Gran Teatre del Liceu","og_url":"https:\/\/www.joseppons.net\/es\/josep-pons-nombrado-director-musical-honorario-del-gran-teatre-del-liceu\/","og_site_name":"JOSEP PONS","article_publisher":"https:\/\/www.facebook.com\/people\/Josep-Pons\/","article_published_time":"2025-07-09T09:39:01+00:00","article_modified_time":"2025-11-04T10:48:56+00:00","og_image":[{"width":1470,"height":820,"url":"https:\/\/www.joseppons.net\/wp-content\/uploads\/2025\/11\/Capcalera-Pons-Mahler-8.png","type":"image\/png"}],"author":"Amadeu Pons","twitter_card":"summary_large_image","twitter_misc":{"Escrito por":"Amadeu Pons","Tiempo de lectura":"2 minutos"},"schema":{"@context":"https:\/\/schema.org","@graph":[{"@type":"Article","@id":"https:\/\/www.joseppons.net\/es\/josep-pons-nombrado-director-musical-honorario-del-gran-teatre-del-liceu\/#article","isPartOf":{"@id":"https:\/\/www.joseppons.net\/es\/josep-pons-nombrado-director-musical-honorario-del-gran-teatre-del-liceu\/"},"author":{"name":"Amadeu Pons","@id":"https:\/\/www.joseppons.net\/es\/#\/schema\/person\/44d407be23690ad07475cef0d678fd26"},"headline":"Josep Pons, nombrado Director Musical Honorario del Gran Teatre del Liceu","datePublished":"2025-07-09T09:39:01+00:00","dateModified":"2025-11-04T10:48:56+00:00","mainEntityOfPage":{"@id":"https:\/\/www.joseppons.net\/es\/josep-pons-nombrado-director-musical-honorario-del-gran-teatre-del-liceu\/"},"wordCount":302,"publisher":{"@id":"https:\/\/www.joseppons.net\/es\/#organization"},"image":{"@id":"https:\/\/www.joseppons.net\/es\/josep-pons-nombrado-director-musical-honorario-del-gran-teatre-del-liceu\/#primaryimage"},"thumbnailUrl":"https:\/\/www.joseppons.net\/wp-content\/uploads\/2025\/11\/Capcalera-Pons-Mahler-8.png","inLanguage":"es"},{"@type":"WebPage","@id":"https:\/\/www.joseppons.net\/es\/josep-pons-nombrado-director-musical-honorario-del-gran-teatre-del-liceu\/","url":"https:\/\/www.joseppons.net\/es\/josep-pons-nombrado-director-musical-honorario-del-gran-teatre-del-liceu\/","name":"Josep Pons, nombrado Director Musical Honorario del Gran Teatre del Liceu | JOSEP PONS","isPartOf":{"@id":"https:\/\/www.joseppons.net\/es\/#website"},"primaryImageOfPage":{"@id":"https:\/\/www.joseppons.net\/es\/josep-pons-nombrado-director-musical-honorario-del-gran-teatre-del-liceu\/#primaryimage"},"image":{"@id":"https:\/\/www.joseppons.net\/es\/josep-pons-nombrado-director-musical-honorario-del-gran-teatre-del-liceu\/#primaryimage"},"thumbnailUrl":"https:\/\/www.joseppons.net\/wp-content\/uploads\/2025\/11\/Capcalera-Pons-Mahler-8.png","datePublished":"2025-07-09T09:39:01+00:00","dateModified":"2025-11-04T10:48:56+00:00","breadcrumb":{"@id":"https:\/\/www.joseppons.net\/es\/josep-pons-nombrado-director-musical-honorario-del-gran-teatre-del-liceu\/#breadcrumb"},"inLanguage":"es","potentialAction":[{"@type":"ReadAction","target":["https:\/\/www.joseppons.net\/es\/josep-pons-nombrado-director-musical-honorario-del-gran-teatre-del-liceu\/"]}]},{"@type":"ImageObject","inLanguage":"es","@id":"https:\/\/www.joseppons.net\/es\/josep-pons-nombrado-director-musical-honorario-del-gran-teatre-del-liceu\/#primaryimage","url":"https:\/\/www.joseppons.net\/wp-content\/uploads\/2025\/11\/Capcalera-Pons-Mahler-8.png","contentUrl":"https:\/\/www.joseppons.net\/wp-content\/uploads\/2025\/11\/Capcalera-Pons-Mahler-8.png","width":1470,"height":820},{"@type":"BreadcrumbList","@id":"https:\/\/www.joseppons.net\/es\/josep-pons-nombrado-director-musical-honorario-del-gran-teatre-del-liceu\/#breadcrumb","itemListElement":[{"@type":"ListItem","position":1,"name":"Inici","item":"https:\/\/www.joseppons.net\/es\/"},{"@type":"ListItem","position":2,"name":"Josep Pons, nombrado Director Musical Honorario del Gran Teatre del Liceu"}]},{"@type":"WebSite","@id":"https:\/\/www.joseppons.net\/es\/#website","url":"https:\/\/www.joseppons.net\/es\/","name":"JOSEP PONS","description":"Comprom\u00e8s amb la m\u00fasica","publisher":{"@id":"https:\/\/www.joseppons.net\/es\/#organization"},"alternateName":"JOSEP PONS","potentialAction":[{"@type":"SearchAction","target":{"@type":"EntryPoint","urlTemplate":"https:\/\/www.joseppons.net\/es\/?s={search_term_string}"},"query-input":{"@type":"PropertyValueSpecification","valueRequired":true,"valueName":"search_term_string"}}],"inLanguage":"es"},{"@type":"Organization","@id":"https:\/\/www.joseppons.net\/es\/#organization","name":"JOSEP PONS","alternateName":"JOSEP PONS","url":"https:\/\/www.joseppons.net\/es\/","logo":{"@type":"ImageObject","inLanguage":"es","@id":"https:\/\/www.joseppons.net\/es\/#\/schema\/logo\/image\/","url":"https:\/\/www.joseppons.net\/wp-content\/uploads\/2025\/06\/cropped-favicon-jp.png","contentUrl":"https:\/\/www.joseppons.net\/wp-content\/uploads\/2025\/06\/cropped-favicon-jp.png","width":512,"height":512,"caption":"JOSEP PONS"},"image":{"@id":"https:\/\/www.joseppons.net\/es\/#\/schema\/logo\/image\/"},"sameAs":["https:\/\/www.facebook.com\/people\/Josep-Pons\/","https:\/\/www.instagram.com\/josepponsconductor\/","https:\/\/x.com\/ConductorPons","https:\/\/open.spotify.com\/artist\/1TlFTSPL1hXKUTjHIqqFvV","https:\/\/music.apple.com\/es\/artist\/josep-pons\/205799774"]},{"@type":"Person","@id":"https:\/\/www.joseppons.net\/es\/#\/schema\/person\/44d407be23690ad07475cef0d678fd26","name":"Amadeu Pons","image":{"@type":"ImageObject","inLanguage":"es","@id":"https:\/\/www.joseppons.net\/es\/#\/schema\/person\/image\/","url":"https:\/\/secure.gravatar.com\/avatar\/078038e762010f124d375175896abb6bf034ab0d68d04c21c95806849bf0b094?s=96&d=mm&r=g","contentUrl":"https:\/\/secure.gravatar.com\/avatar\/078038e762010f124d375175896abb6bf034ab0d68d04c21c95806849bf0b094?s=96&d=mm&r=g","caption":"Amadeu Pons"}}]}},"_links":{"self":[{"href":"https:\/\/www.joseppons.net\/es\/wp-json\/wp\/v2\/posts\/6237","targetHints":{"allow":["GET"]}}],"collection":[{"href":"https:\/\/www.joseppons.net\/es\/wp-json\/wp\/v2\/posts"}],"about":[{"href":"https:\/\/www.joseppons.net\/es\/wp-json\/wp\/v2\/types\/post"}],"author":[{"embeddable":true,"href":"https:\/\/www.joseppons.net\/es\/wp-json\/wp\/v2\/users\/2"}],"replies":[{"embeddable":true,"href":"https:\/\/www.joseppons.net\/es\/wp-json\/wp\/v2\/comments?post=6237"}],"version-history":[{"count":1,"href":"https:\/\/www.joseppons.net\/es\/wp-json\/wp\/v2\/posts\/6237\/revisions"}],"predecessor-version":[{"id":6238,"href":"https:\/\/www.joseppons.net\/es\/wp-json\/wp\/v2\/posts\/6237\/revisions\/6238"}],"wp:featuredmedia":[{"embeddable":true,"href":"https:\/\/www.joseppons.net\/es\/wp-json\/wp\/v2\/media\/6233"}],"wp:attachment":[{"href":"https:\/\/www.joseppons.net\/es\/wp-json\/wp\/v2\/media?parent=6237"}],"wp:term":[{"taxonomy":"category","embeddable":true,"href":"https:\/\/www.joseppons.net\/es\/wp-json\/wp\/v2\/categories?post=6237"},{"taxonomy":"post_tag","embeddable":true,"href":"https:\/\/www.joseppons.net\/es\/wp-json\/wp\/v2\/tags?post=6237"}],"curies":[{"name":"wp","href":"https:\/\/api.w.org\/{rel}","templated":true}]}}