{"id":6265,"date":"2025-03-13T12:49:18","date_gmt":"2025-03-13T11:49:18","guid":{"rendered":"https:\/\/www.joseppons.net\/?p=6265"},"modified":"2025-11-04T12:55:09","modified_gmt":"2025-11-04T11:55:09","slug":"josep-pons-dirige-la-nueva-produccion-de-lohengrin-en-el-gran-teatre-del-liceu","status":"publish","type":"post","link":"https:\/\/www.joseppons.net\/es\/josep-pons-dirige-la-nueva-produccion-de-lohengrin-en-el-gran-teatre-del-liceu\/","title":{"rendered":"Josep Pons dirige la nueva producci\u00f3n de Lohengrin en el Gran Teatre del Liceu"},"content":{"rendered":"<p data-start=\"258\" data-end=\"519\">El <strong data-start=\"261\" data-end=\"286\">Gran Teatre del Liceu<\/strong> presenta, del <strong data-start=\"301\" data-end=\"330\">17 al 30 de marzo de 2025<\/strong>, una <strong data-start=\"336\" data-end=\"380\">nueva producci\u00f3n de la \u00f3pera <em data-start=\"367\" data-end=\"378\">Lohengrin<\/em><\/strong> de <strong data-start=\"384\" data-end=\"402\">Richard Wagner<\/strong>, firmada por <strong data-start=\"416\" data-end=\"436\">Katharina Wagner<\/strong> \u2014bisnieta del compositor\u2014 y dirigida musicalmente por el maestro <strong data-start=\"502\" data-end=\"516\">Josep Pons<\/strong>.<\/p>\n<p data-start=\"521\" data-end=\"858\">El maestro <strong data-start=\"532\" data-end=\"546\">Josep Pons<\/strong> vuelve a sumergirse en el universo wagneriano al frente de la <strong data-start=\"609\" data-end=\"641\">Orquesta y el Coro del Liceu<\/strong>, con un reparto excepcional que incluye algunas de las voces m\u00e1s reconocidas del repertorio: <strong data-start=\"735\" data-end=\"757\">Klaus Florian Vogt<\/strong> en el papel titular, <strong data-start=\"779\" data-end=\"796\">Ir\u00e9ne Theorin<\/strong>, <strong data-start=\"798\" data-end=\"817\">Elisabeth Teige<\/strong> y <strong data-start=\"820\" data-end=\"842\">Miina-Liisa V\u00e4rel\u00e4<\/strong>, entre otros.<\/p>\n<p data-start=\"860\" data-end=\"1215\">Esta nueva producci\u00f3n, largamente esperada \u2014inicialmente prevista para 2020\u2014, presenta una escenograf\u00eda de gran impacto visual que recrea un paisaje boscoso y simb\u00f3lico, alejado de la visi\u00f3n tradicional de cuento de hadas. Tres grandes cubos suspendidos representan los mundos interiores de los protagonistas y su lucha entre el deseo, el poder y la fe.<\/p>\n<p data-start=\"1217\" data-end=\"1444\">Con esta puesta en escena, <strong data-start=\"1244\" data-end=\"1264\">Katharina Wagner<\/strong> propone una lectura contempor\u00e1nea e introspectiva de la obra, mientras que <strong data-start=\"1340\" data-end=\"1354\">Josep Pons<\/strong> ofrece una interpretaci\u00f3n musical intensa, equilibrada y de gran profundidad emocional.<\/p>\n<blockquote data-start=\"1446\" data-end=\"1650\">\n<p data-start=\"1448\" data-end=\"1650\">\u201c<em data-start=\"1449\" data-end=\"1460\">Lohengrin<\/em> es una de las partituras m\u00e1s refinadas de Wagner, llena de luz y misterio. Dirigirla en el Liceu, con un equipo de este nivel, es un privilegio inmenso\u201d, afirma el maestro <strong data-start=\"1633\" data-end=\"1647\">Josep Pons<\/strong>.<\/p>\n<\/blockquote>\n","protected":false},"excerpt":{"rendered":"<p>El Gran Teatre del Liceu presenta, del 17 al 30 de marzo de 2025, una nueva producci\u00f3n de la \u00f3pera Lohengrin de Richard Wagner, firmada por Katharina Wagner \u2014bisnieta del compositor\u2014 y dirigida musicalmente por el maestro Josep Pons. El maestro Josep Pons vuelve a sumergirse en el universo wagneriano al frente de la Orquesta&hellip;&nbsp;<a href=\"https:\/\/www.joseppons.net\/es\/josep-pons-dirige-la-nueva-produccion-de-lohengrin-en-el-gran-teatre-del-liceu\/\" rel=\"bookmark\"><span class=\"screen-reader-text\">Josep Pons dirige la nueva producci\u00f3n de Lohengrin en el Gran Teatre del Liceu<\/span><\/a><\/p>\n","protected":false},"author":2,"featured_media":6261,"comment_status":"closed","ping_status":"closed","sticky":false,"template":"","format":"standard","meta":{"_acf_changed":false,"neve_meta_sidebar":"","neve_meta_container":"","neve_meta_enable_content_width":"off","neve_meta_content_width":100,"neve_meta_title_alignment":"","neve_meta_author_avatar":"","neve_post_elements_order":"","neve_meta_disable_header":"","neve_meta_disable_footer":"","neve_meta_disable_title":"","footnotes":""},"categories":[],"tags":[],"class_list":["post-6265","post","type-post","status-publish","format-standard","has-post-thumbnail","hentry"],"acf":[],"yoast_head":"<!-- This site is optimized with the Yoast SEO plugin v26.2 - https:\/\/yoast.com\/wordpress\/plugins\/seo\/ -->\n<title>Josep Pons dirige la nueva producci\u00f3n de Lohengrin en el Gran Teatre del Liceu | JOSEP PONS<\/title>\n<meta name=\"robots\" content=\"index, follow, max-snippet:-1, max-image-preview:large, max-video-preview:-1\" \/>\n<link rel=\"canonical\" href=\"https:\/\/www.joseppons.net\/es\/josep-pons-dirige-la-nueva-produccion-de-lohengrin-en-el-gran-teatre-del-liceu\/\" \/>\n<meta property=\"og:locale\" content=\"es_ES\" \/>\n<meta property=\"og:type\" content=\"article\" \/>\n<meta property=\"og:title\" content=\"Josep Pons dirige la nueva producci\u00f3n de Lohengrin en el Gran Teatre del Liceu | JOSEP PONS\" \/>\n<meta property=\"og:description\" content=\"El Gran Teatre del Liceu presenta, del 17 al 30 de marzo de 2025, una nueva producci\u00f3n de la \u00f3pera Lohengrin de Richard Wagner, firmada por Katharina Wagner \u2014bisnieta del compositor\u2014 y dirigida musicalmente por el maestro Josep Pons. El maestro Josep Pons vuelve a sumergirse en el universo wagneriano al frente de la Orquesta&hellip;&nbsp;Josep Pons dirige la nueva producci\u00f3n de Lohengrin en el Gran Teatre del Liceu\" \/>\n<meta property=\"og:url\" content=\"https:\/\/www.joseppons.net\/es\/josep-pons-dirige-la-nueva-produccion-de-lohengrin-en-el-gran-teatre-del-liceu\/\" \/>\n<meta property=\"og:site_name\" content=\"JOSEP PONS\" \/>\n<meta property=\"article:publisher\" content=\"https:\/\/www.facebook.com\/people\/Josep-Pons\/\" \/>\n<meta property=\"article:published_time\" content=\"2025-03-13T11:49:18+00:00\" \/>\n<meta property=\"article:modified_time\" content=\"2025-11-04T11:55:09+00:00\" \/>\n<meta property=\"og:image\" content=\"https:\/\/www.joseppons.net\/wp-content\/uploads\/2025\/11\/ritmowebRDP_Lohengrin_16.jpg\" \/>\n\t<meta property=\"og:image:width\" content=\"800\" \/>\n\t<meta property=\"og:image:height\" content=\"533\" \/>\n\t<meta property=\"og:image:type\" content=\"image\/jpeg\" \/>\n<meta name=\"author\" content=\"Amadeu Pons\" \/>\n<meta name=\"twitter:card\" content=\"summary_large_image\" \/>\n<meta name=\"twitter:label1\" content=\"Escrito por\" \/>\n\t<meta name=\"twitter:data1\" content=\"Amadeu Pons\" \/>\n\t<meta name=\"twitter:label2\" content=\"Tiempo de lectura\" \/>\n\t<meta name=\"twitter:data2\" content=\"1 minuto\" \/>\n<script type=\"application\/ld+json\" class=\"yoast-schema-graph\">{\"@context\":\"https:\/\/schema.org\",\"@graph\":[{\"@type\":\"Article\",\"@id\":\"https:\/\/www.joseppons.net\/es\/josep-pons-dirige-la-nueva-produccion-de-lohengrin-en-el-gran-teatre-del-liceu\/#article\",\"isPartOf\":{\"@id\":\"https:\/\/www.joseppons.net\/es\/josep-pons-dirige-la-nueva-produccion-de-lohengrin-en-el-gran-teatre-del-liceu\/\"},\"author\":{\"name\":\"Amadeu Pons\",\"@id\":\"https:\/\/www.joseppons.net\/es\/#\/schema\/person\/44d407be23690ad07475cef0d678fd26\"},\"headline\":\"Josep Pons dirige la nueva producci\u00f3n de Lohengrin en el Gran Teatre del Liceu\",\"datePublished\":\"2025-03-13T11:49:18+00:00\",\"dateModified\":\"2025-11-04T11:55:09+00:00\",\"mainEntityOfPage\":{\"@id\":\"https:\/\/www.joseppons.net\/es\/josep-pons-dirige-la-nueva-produccion-de-lohengrin-en-el-gran-teatre-del-liceu\/\"},\"wordCount\":231,\"publisher\":{\"@id\":\"https:\/\/www.joseppons.net\/es\/#organization\"},\"image\":{\"@id\":\"https:\/\/www.joseppons.net\/es\/josep-pons-dirige-la-nueva-produccion-de-lohengrin-en-el-gran-teatre-del-liceu\/#primaryimage\"},\"thumbnailUrl\":\"https:\/\/www.joseppons.net\/wp-content\/uploads\/2025\/11\/ritmowebRDP_Lohengrin_16.jpg\",\"inLanguage\":\"es\"},{\"@type\":\"WebPage\",\"@id\":\"https:\/\/www.joseppons.net\/es\/josep-pons-dirige-la-nueva-produccion-de-lohengrin-en-el-gran-teatre-del-liceu\/\",\"url\":\"https:\/\/www.joseppons.net\/es\/josep-pons-dirige-la-nueva-produccion-de-lohengrin-en-el-gran-teatre-del-liceu\/\",\"name\":\"Josep Pons dirige la nueva producci\u00f3n de Lohengrin en el Gran Teatre del Liceu | JOSEP PONS\",\"isPartOf\":{\"@id\":\"https:\/\/www.joseppons.net\/es\/#website\"},\"primaryImageOfPage\":{\"@id\":\"https:\/\/www.joseppons.net\/es\/josep-pons-dirige-la-nueva-produccion-de-lohengrin-en-el-gran-teatre-del-liceu\/#primaryimage\"},\"image\":{\"@id\":\"https:\/\/www.joseppons.net\/es\/josep-pons-dirige-la-nueva-produccion-de-lohengrin-en-el-gran-teatre-del-liceu\/#primaryimage\"},\"thumbnailUrl\":\"https:\/\/www.joseppons.net\/wp-content\/uploads\/2025\/11\/ritmowebRDP_Lohengrin_16.jpg\",\"datePublished\":\"2025-03-13T11:49:18+00:00\",\"dateModified\":\"2025-11-04T11:55:09+00:00\",\"breadcrumb\":{\"@id\":\"https:\/\/www.joseppons.net\/es\/josep-pons-dirige-la-nueva-produccion-de-lohengrin-en-el-gran-teatre-del-liceu\/#breadcrumb\"},\"inLanguage\":\"es\",\"potentialAction\":[{\"@type\":\"ReadAction\",\"target\":[\"https:\/\/www.joseppons.net\/es\/josep-pons-dirige-la-nueva-produccion-de-lohengrin-en-el-gran-teatre-del-liceu\/\"]}]},{\"@type\":\"ImageObject\",\"inLanguage\":\"es\",\"@id\":\"https:\/\/www.joseppons.net\/es\/josep-pons-dirige-la-nueva-produccion-de-lohengrin-en-el-gran-teatre-del-liceu\/#primaryimage\",\"url\":\"https:\/\/www.joseppons.net\/wp-content\/uploads\/2025\/11\/ritmowebRDP_Lohengrin_16.jpg\",\"contentUrl\":\"https:\/\/www.joseppons.net\/wp-content\/uploads\/2025\/11\/ritmowebRDP_Lohengrin_16.jpg\",\"width\":800,\"height\":533},{\"@type\":\"BreadcrumbList\",\"@id\":\"https:\/\/www.joseppons.net\/es\/josep-pons-dirige-la-nueva-produccion-de-lohengrin-en-el-gran-teatre-del-liceu\/#breadcrumb\",\"itemListElement\":[{\"@type\":\"ListItem\",\"position\":1,\"name\":\"Inici\",\"item\":\"https:\/\/www.joseppons.net\/es\/\"},{\"@type\":\"ListItem\",\"position\":2,\"name\":\"Josep Pons dirige la nueva producci\u00f3n de Lohengrin en el Gran Teatre del Liceu\"}]},{\"@type\":\"WebSite\",\"@id\":\"https:\/\/www.joseppons.net\/es\/#website\",\"url\":\"https:\/\/www.joseppons.net\/es\/\",\"name\":\"JOSEP PONS\",\"description\":\"Comprom\u00e8s amb la m\u00fasica\",\"publisher\":{\"@id\":\"https:\/\/www.joseppons.net\/es\/#organization\"},\"alternateName\":\"JOSEP PONS\",\"potentialAction\":[{\"@type\":\"SearchAction\",\"target\":{\"@type\":\"EntryPoint\",\"urlTemplate\":\"https:\/\/www.joseppons.net\/es\/?s={search_term_string}\"},\"query-input\":{\"@type\":\"PropertyValueSpecification\",\"valueRequired\":true,\"valueName\":\"search_term_string\"}}],\"inLanguage\":\"es\"},{\"@type\":\"Organization\",\"@id\":\"https:\/\/www.joseppons.net\/es\/#organization\",\"name\":\"JOSEP PONS\",\"alternateName\":\"JOSEP PONS\",\"url\":\"https:\/\/www.joseppons.net\/es\/\",\"logo\":{\"@type\":\"ImageObject\",\"inLanguage\":\"es\",\"@id\":\"https:\/\/www.joseppons.net\/es\/#\/schema\/logo\/image\/\",\"url\":\"https:\/\/www.joseppons.net\/wp-content\/uploads\/2025\/06\/cropped-favicon-jp.png\",\"contentUrl\":\"https:\/\/www.joseppons.net\/wp-content\/uploads\/2025\/06\/cropped-favicon-jp.png\",\"width\":512,\"height\":512,\"caption\":\"JOSEP PONS\"},\"image\":{\"@id\":\"https:\/\/www.joseppons.net\/es\/#\/schema\/logo\/image\/\"},\"sameAs\":[\"https:\/\/www.facebook.com\/people\/Josep-Pons\/\",\"https:\/\/www.instagram.com\/josepponsconductor\/\",\"https:\/\/x.com\/ConductorPons\",\"https:\/\/open.spotify.com\/artist\/1TlFTSPL1hXKUTjHIqqFvV\",\"https:\/\/music.apple.com\/es\/artist\/josep-pons\/205799774\"]},{\"@type\":\"Person\",\"@id\":\"https:\/\/www.joseppons.net\/es\/#\/schema\/person\/44d407be23690ad07475cef0d678fd26\",\"name\":\"Amadeu Pons\",\"image\":{\"@type\":\"ImageObject\",\"inLanguage\":\"es\",\"@id\":\"https:\/\/www.joseppons.net\/es\/#\/schema\/person\/image\/\",\"url\":\"https:\/\/secure.gravatar.com\/avatar\/078038e762010f124d375175896abb6bf034ab0d68d04c21c95806849bf0b094?s=96&d=mm&r=g\",\"contentUrl\":\"https:\/\/secure.gravatar.com\/avatar\/078038e762010f124d375175896abb6bf034ab0d68d04c21c95806849bf0b094?s=96&d=mm&r=g\",\"caption\":\"Amadeu Pons\"}}]}<\/script>\n<!-- \/ Yoast SEO plugin. -->","yoast_head_json":{"title":"Josep Pons dirige la nueva producci\u00f3n de Lohengrin en el Gran Teatre del Liceu | JOSEP PONS","robots":{"index":"index","follow":"follow","max-snippet":"max-snippet:-1","max-image-preview":"max-image-preview:large","max-video-preview":"max-video-preview:-1"},"canonical":"https:\/\/www.joseppons.net\/es\/josep-pons-dirige-la-nueva-produccion-de-lohengrin-en-el-gran-teatre-del-liceu\/","og_locale":"es_ES","og_type":"article","og_title":"Josep Pons dirige la nueva producci\u00f3n de Lohengrin en el Gran Teatre del Liceu | JOSEP PONS","og_description":"El Gran Teatre del Liceu presenta, del 17 al 30 de marzo de 2025, una nueva producci\u00f3n de la \u00f3pera Lohengrin de Richard Wagner, firmada por Katharina Wagner \u2014bisnieta del compositor\u2014 y dirigida musicalmente por el maestro Josep Pons. El maestro Josep Pons vuelve a sumergirse en el universo wagneriano al frente de la Orquesta&hellip;&nbsp;Josep Pons dirige la nueva producci\u00f3n de Lohengrin en el Gran Teatre del Liceu","og_url":"https:\/\/www.joseppons.net\/es\/josep-pons-dirige-la-nueva-produccion-de-lohengrin-en-el-gran-teatre-del-liceu\/","og_site_name":"JOSEP PONS","article_publisher":"https:\/\/www.facebook.com\/people\/Josep-Pons\/","article_published_time":"2025-03-13T11:49:18+00:00","article_modified_time":"2025-11-04T11:55:09+00:00","og_image":[{"width":800,"height":533,"url":"https:\/\/www.joseppons.net\/wp-content\/uploads\/2025\/11\/ritmowebRDP_Lohengrin_16.jpg","type":"image\/jpeg"}],"author":"Amadeu Pons","twitter_card":"summary_large_image","twitter_misc":{"Escrito por":"Amadeu Pons","Tiempo de lectura":"1 minuto"},"schema":{"@context":"https:\/\/schema.org","@graph":[{"@type":"Article","@id":"https:\/\/www.joseppons.net\/es\/josep-pons-dirige-la-nueva-produccion-de-lohengrin-en-el-gran-teatre-del-liceu\/#article","isPartOf":{"@id":"https:\/\/www.joseppons.net\/es\/josep-pons-dirige-la-nueva-produccion-de-lohengrin-en-el-gran-teatre-del-liceu\/"},"author":{"name":"Amadeu Pons","@id":"https:\/\/www.joseppons.net\/es\/#\/schema\/person\/44d407be23690ad07475cef0d678fd26"},"headline":"Josep Pons dirige la nueva producci\u00f3n de Lohengrin en el Gran Teatre del Liceu","datePublished":"2025-03-13T11:49:18+00:00","dateModified":"2025-11-04T11:55:09+00:00","mainEntityOfPage":{"@id":"https:\/\/www.joseppons.net\/es\/josep-pons-dirige-la-nueva-produccion-de-lohengrin-en-el-gran-teatre-del-liceu\/"},"wordCount":231,"publisher":{"@id":"https:\/\/www.joseppons.net\/es\/#organization"},"image":{"@id":"https:\/\/www.joseppons.net\/es\/josep-pons-dirige-la-nueva-produccion-de-lohengrin-en-el-gran-teatre-del-liceu\/#primaryimage"},"thumbnailUrl":"https:\/\/www.joseppons.net\/wp-content\/uploads\/2025\/11\/ritmowebRDP_Lohengrin_16.jpg","inLanguage":"es"},{"@type":"WebPage","@id":"https:\/\/www.joseppons.net\/es\/josep-pons-dirige-la-nueva-produccion-de-lohengrin-en-el-gran-teatre-del-liceu\/","url":"https:\/\/www.joseppons.net\/es\/josep-pons-dirige-la-nueva-produccion-de-lohengrin-en-el-gran-teatre-del-liceu\/","name":"Josep Pons dirige la nueva producci\u00f3n de Lohengrin en el Gran Teatre del Liceu | JOSEP PONS","isPartOf":{"@id":"https:\/\/www.joseppons.net\/es\/#website"},"primaryImageOfPage":{"@id":"https:\/\/www.joseppons.net\/es\/josep-pons-dirige-la-nueva-produccion-de-lohengrin-en-el-gran-teatre-del-liceu\/#primaryimage"},"image":{"@id":"https:\/\/www.joseppons.net\/es\/josep-pons-dirige-la-nueva-produccion-de-lohengrin-en-el-gran-teatre-del-liceu\/#primaryimage"},"thumbnailUrl":"https:\/\/www.joseppons.net\/wp-content\/uploads\/2025\/11\/ritmowebRDP_Lohengrin_16.jpg","datePublished":"2025-03-13T11:49:18+00:00","dateModified":"2025-11-04T11:55:09+00:00","breadcrumb":{"@id":"https:\/\/www.joseppons.net\/es\/josep-pons-dirige-la-nueva-produccion-de-lohengrin-en-el-gran-teatre-del-liceu\/#breadcrumb"},"inLanguage":"es","potentialAction":[{"@type":"ReadAction","target":["https:\/\/www.joseppons.net\/es\/josep-pons-dirige-la-nueva-produccion-de-lohengrin-en-el-gran-teatre-del-liceu\/"]}]},{"@type":"ImageObject","inLanguage":"es","@id":"https:\/\/www.joseppons.net\/es\/josep-pons-dirige-la-nueva-produccion-de-lohengrin-en-el-gran-teatre-del-liceu\/#primaryimage","url":"https:\/\/www.joseppons.net\/wp-content\/uploads\/2025\/11\/ritmowebRDP_Lohengrin_16.jpg","contentUrl":"https:\/\/www.joseppons.net\/wp-content\/uploads\/2025\/11\/ritmowebRDP_Lohengrin_16.jpg","width":800,"height":533},{"@type":"BreadcrumbList","@id":"https:\/\/www.joseppons.net\/es\/josep-pons-dirige-la-nueva-produccion-de-lohengrin-en-el-gran-teatre-del-liceu\/#breadcrumb","itemListElement":[{"@type":"ListItem","position":1,"name":"Inici","item":"https:\/\/www.joseppons.net\/es\/"},{"@type":"ListItem","position":2,"name":"Josep Pons dirige la nueva producci\u00f3n de Lohengrin en el Gran Teatre del Liceu"}]},{"@type":"WebSite","@id":"https:\/\/www.joseppons.net\/es\/#website","url":"https:\/\/www.joseppons.net\/es\/","name":"JOSEP PONS","description":"Comprom\u00e8s amb la m\u00fasica","publisher":{"@id":"https:\/\/www.joseppons.net\/es\/#organization"},"alternateName":"JOSEP PONS","potentialAction":[{"@type":"SearchAction","target":{"@type":"EntryPoint","urlTemplate":"https:\/\/www.joseppons.net\/es\/?s={search_term_string}"},"query-input":{"@type":"PropertyValueSpecification","valueRequired":true,"valueName":"search_term_string"}}],"inLanguage":"es"},{"@type":"Organization","@id":"https:\/\/www.joseppons.net\/es\/#organization","name":"JOSEP PONS","alternateName":"JOSEP PONS","url":"https:\/\/www.joseppons.net\/es\/","logo":{"@type":"ImageObject","inLanguage":"es","@id":"https:\/\/www.joseppons.net\/es\/#\/schema\/logo\/image\/","url":"https:\/\/www.joseppons.net\/wp-content\/uploads\/2025\/06\/cropped-favicon-jp.png","contentUrl":"https:\/\/www.joseppons.net\/wp-content\/uploads\/2025\/06\/cropped-favicon-jp.png","width":512,"height":512,"caption":"JOSEP PONS"},"image":{"@id":"https:\/\/www.joseppons.net\/es\/#\/schema\/logo\/image\/"},"sameAs":["https:\/\/www.facebook.com\/people\/Josep-Pons\/","https:\/\/www.instagram.com\/josepponsconductor\/","https:\/\/x.com\/ConductorPons","https:\/\/open.spotify.com\/artist\/1TlFTSPL1hXKUTjHIqqFvV","https:\/\/music.apple.com\/es\/artist\/josep-pons\/205799774"]},{"@type":"Person","@id":"https:\/\/www.joseppons.net\/es\/#\/schema\/person\/44d407be23690ad07475cef0d678fd26","name":"Amadeu Pons","image":{"@type":"ImageObject","inLanguage":"es","@id":"https:\/\/www.joseppons.net\/es\/#\/schema\/person\/image\/","url":"https:\/\/secure.gravatar.com\/avatar\/078038e762010f124d375175896abb6bf034ab0d68d04c21c95806849bf0b094?s=96&d=mm&r=g","contentUrl":"https:\/\/secure.gravatar.com\/avatar\/078038e762010f124d375175896abb6bf034ab0d68d04c21c95806849bf0b094?s=96&d=mm&r=g","caption":"Amadeu Pons"}}]}},"_links":{"self":[{"href":"https:\/\/www.joseppons.net\/es\/wp-json\/wp\/v2\/posts\/6265","targetHints":{"allow":["GET"]}}],"collection":[{"href":"https:\/\/www.joseppons.net\/es\/wp-json\/wp\/v2\/posts"}],"about":[{"href":"https:\/\/www.joseppons.net\/es\/wp-json\/wp\/v2\/types\/post"}],"author":[{"embeddable":true,"href":"https:\/\/www.joseppons.net\/es\/wp-json\/wp\/v2\/users\/2"}],"replies":[{"embeddable":true,"href":"https:\/\/www.joseppons.net\/es\/wp-json\/wp\/v2\/comments?post=6265"}],"version-history":[{"count":1,"href":"https:\/\/www.joseppons.net\/es\/wp-json\/wp\/v2\/posts\/6265\/revisions"}],"predecessor-version":[{"id":6266,"href":"https:\/\/www.joseppons.net\/es\/wp-json\/wp\/v2\/posts\/6265\/revisions\/6266"}],"wp:featuredmedia":[{"embeddable":true,"href":"https:\/\/www.joseppons.net\/es\/wp-json\/wp\/v2\/media\/6261"}],"wp:attachment":[{"href":"https:\/\/www.joseppons.net\/es\/wp-json\/wp\/v2\/media?parent=6265"}],"wp:term":[{"taxonomy":"category","embeddable":true,"href":"https:\/\/www.joseppons.net\/es\/wp-json\/wp\/v2\/categories?post=6265"},{"taxonomy":"post_tag","embeddable":true,"href":"https:\/\/www.joseppons.net\/es\/wp-json\/wp\/v2\/tags?post=6265"}],"curies":[{"name":"wp","href":"https:\/\/api.w.org\/{rel}","templated":true}]}}