{"id":6288,"date":"2025-05-01T10:45:29","date_gmt":"2025-05-01T08:45:29","guid":{"rendered":"https:\/\/www.joseppons.net\/?p=6288"},"modified":"2025-11-05T10:51:59","modified_gmt":"2025-11-05T09:51:59","slug":"parsifal-de-richard-wagner-en-montserrat","status":"publish","type":"post","link":"https:\/\/www.joseppons.net\/es\/parsifal-de-richard-wagner-en-montserrat\/","title":{"rendered":"Parsifal de Richard Wagner en Montserrat"},"content":{"rendered":"<p data-start=\"1849\" data-end=\"2250\">El <strong data-start=\"1852\" data-end=\"1891\">jueves 1 de mayo de 2025 a las 21 h<\/strong>, la <strong data-start=\"1896\" data-end=\"1937\">Bas\u00edlica de Santa Mar\u00eda de Montserrat<\/strong> acoger\u00e1 una <strong data-start=\"1950\" data-end=\"1997\">versi\u00f3n en concierto de la \u00f3pera <em data-start=\"1985\" data-end=\"1995\">Parsifal<\/em><\/strong>, bajo la direcci\u00f3n del maestro <strong data-start=\"2029\" data-end=\"2043\">Josep Pons<\/strong>. El concierto forma parte del <strong data-start=\"2074\" data-end=\"2110\">Festival de M\u00fasica del Milenario<\/strong> y cuenta con la colaboraci\u00f3n de la <strong data-start=\"2146\" data-end=\"2170\">Abad\u00eda de Montserrat<\/strong>, la <strong data-start=\"2175\" data-end=\"2195\">Fundaci\u00f3n Salvat<\/strong> y la <strong data-start=\"2201\" data-end=\"2247\">Joven Orquesta Nacional de Catalu\u00f1a (JONC)<\/strong>.<\/p>\n<p data-start=\"2252\" data-end=\"2538\">La obra \u2014la \u00faltima de Wagner, a la que \u00e9l mismo defini\u00f3 como un \u201cfestival esc\u00e9nico sagrado\u201d\u2014 mantiene una <strong data-start=\"2358\" data-end=\"2425\">vinculaci\u00f3n especial con el paisaje y el esp\u00edritu de Montserrat<\/strong>, fuente de inspiraci\u00f3n para el imaginario rom\u00e1ntico alem\u00e1n a trav\u00e9s de figuras como <strong data-start=\"2510\" data-end=\"2520\">Goethe<\/strong> y <strong data-start=\"2523\" data-end=\"2535\">Humboldt<\/strong>.<\/p>\n<p data-start=\"2540\" data-end=\"2778\">Esta versi\u00f3n de concierto incluir\u00e1 el <strong data-start=\"2578\" data-end=\"2606\">preludio del primer acto<\/strong> y <strong data-start=\"2609\" data-end=\"2632\">todo el tercer acto<\/strong>, interpretados por la <strong data-start=\"2655\" data-end=\"2663\">JONC<\/strong>, la <strong data-start=\"2668\" data-end=\"2695\">Escolan\u00eda de Montserrat<\/strong>, la <strong data-start=\"2700\" data-end=\"2719\">Schola Cantorum<\/strong> y el <strong data-start=\"2725\" data-end=\"2747\">Coro de Caballeros<\/strong>, bajo la batuta del maestro.<\/p>\n<p data-start=\"2780\" data-end=\"2966\">El concierto es <strong data-start=\"2796\" data-end=\"2808\">gratuito<\/strong> y requiere <strong data-start=\"2820\" data-end=\"2838\">reserva previa<\/strong>, ofreciendo una ocasi\u00f3n excepcional para <strong data-start=\"2880\" data-end=\"2963\">descubrir la uni\u00f3n entre la obra de Wagner y el paisaje simb\u00f3lico de Montserrat<\/strong>.<\/p>\n<blockquote data-start=\"2968\" data-end=\"3206\">\n<p data-start=\"2970\" data-end=\"3206\">\u201c<em data-start=\"2971\" data-end=\"2981\">Parsifal<\/em> es una obra que habla de la pureza interior y de la b\u00fasqueda espiritual. Interpretarla en Montserrat, un lugar que respira espiritualidad y silencio, es una experiencia \u00fanica que trasciende la m\u00fasica.\u201d<br data-start=\"3183\" data-end=\"3186\" \/>\u2014 <strong data-start=\"3190\" data-end=\"3204\">Josep Pons<\/strong><\/p>\n<\/blockquote>\n<p data-start=\"3208\" data-end=\"3374\">Con esta actividad, <strong data-start=\"3228\" data-end=\"3242\">Josep Pons<\/strong> reafirma su <strong data-start=\"3255\" data-end=\"3294\">vinculaci\u00f3n con la m\u00fasica de Wagner<\/strong> y su <strong data-start=\"3300\" data-end=\"3371\">compromiso con proyectos que unen arte, espiritualidad y territorio<\/strong>.<\/p>\n","protected":false},"excerpt":{"rendered":"<p>El jueves 1 de mayo de 2025 a las 21 h, la Bas\u00edlica de Santa Mar\u00eda de Montserrat acoger\u00e1 una versi\u00f3n en concierto de la \u00f3pera Parsifal, bajo la direcci\u00f3n del maestro Josep Pons. El concierto forma parte del Festival de M\u00fasica del Milenario y cuenta con la colaboraci\u00f3n de la Abad\u00eda de Montserrat, la&hellip;&nbsp;<a href=\"https:\/\/www.joseppons.net\/es\/parsifal-de-richard-wagner-en-montserrat\/\" rel=\"bookmark\"><span class=\"screen-reader-text\">Parsifal de Richard Wagner en Montserrat<\/span><\/a><\/p>\n","protected":false},"author":2,"featured_media":6281,"comment_status":"closed","ping_status":"closed","sticky":false,"template":"","format":"standard","meta":{"_acf_changed":false,"neve_meta_sidebar":"","neve_meta_container":"","neve_meta_enable_content_width":"off","neve_meta_content_width":100,"neve_meta_title_alignment":"","neve_meta_author_avatar":"","neve_post_elements_order":"","neve_meta_disable_header":"","neve_meta_disable_footer":"","neve_meta_disable_title":"","footnotes":""},"categories":[],"tags":[],"class_list":["post-6288","post","type-post","status-publish","format-standard","has-post-thumbnail","hentry"],"acf":[],"yoast_head":"<!-- This site is optimized with the Yoast SEO plugin v26.2 - https:\/\/yoast.com\/wordpress\/plugins\/seo\/ -->\n<title>Parsifal de Richard Wagner en Montserrat | JOSEP PONS<\/title>\n<meta name=\"robots\" content=\"index, follow, max-snippet:-1, max-image-preview:large, max-video-preview:-1\" \/>\n<link rel=\"canonical\" href=\"https:\/\/www.joseppons.net\/es\/parsifal-de-richard-wagner-en-montserrat\/\" \/>\n<meta property=\"og:locale\" content=\"es_ES\" \/>\n<meta property=\"og:type\" content=\"article\" \/>\n<meta property=\"og:title\" content=\"Parsifal de Richard Wagner en Montserrat | JOSEP PONS\" \/>\n<meta property=\"og:description\" content=\"El jueves 1 de mayo de 2025 a las 21 h, la Bas\u00edlica de Santa Mar\u00eda de Montserrat acoger\u00e1 una versi\u00f3n en concierto de la \u00f3pera Parsifal, bajo la direcci\u00f3n del maestro Josep Pons. El concierto forma parte del Festival de M\u00fasica del Milenario y cuenta con la colaboraci\u00f3n de la Abad\u00eda de Montserrat, la&hellip;&nbsp;Parsifal de Richard Wagner en Montserrat\" \/>\n<meta property=\"og:url\" content=\"https:\/\/www.joseppons.net\/es\/parsifal-de-richard-wagner-en-montserrat\/\" \/>\n<meta property=\"og:site_name\" content=\"JOSEP PONS\" \/>\n<meta property=\"article:publisher\" content=\"https:\/\/www.facebook.com\/people\/Josep-Pons\/\" \/>\n<meta property=\"article:published_time\" content=\"2025-05-01T08:45:29+00:00\" \/>\n<meta property=\"article:modified_time\" content=\"2025-11-05T09:51:59+00:00\" \/>\n<meta property=\"og:image\" content=\"https:\/\/www.joseppons.net\/wp-content\/uploads\/2025\/11\/1620_1744381250P4290051.jpg\" \/>\n\t<meta property=\"og:image:width\" content=\"1620\" \/>\n\t<meta property=\"og:image:height\" content=\"1212\" \/>\n\t<meta property=\"og:image:type\" content=\"image\/jpeg\" \/>\n<meta name=\"author\" content=\"Amadeu Pons\" \/>\n<meta name=\"twitter:card\" content=\"summary_large_image\" \/>\n<meta name=\"twitter:label1\" content=\"Escrito por\" \/>\n\t<meta name=\"twitter:data1\" content=\"Amadeu Pons\" \/>\n\t<meta name=\"twitter:label2\" content=\"Tiempo de lectura\" \/>\n\t<meta name=\"twitter:data2\" content=\"2 minutos\" \/>\n<script type=\"application\/ld+json\" class=\"yoast-schema-graph\">{\"@context\":\"https:\/\/schema.org\",\"@graph\":[{\"@type\":\"Article\",\"@id\":\"https:\/\/www.joseppons.net\/es\/parsifal-de-richard-wagner-en-montserrat\/#article\",\"isPartOf\":{\"@id\":\"https:\/\/www.joseppons.net\/es\/parsifal-de-richard-wagner-en-montserrat\/\"},\"author\":{\"name\":\"Amadeu Pons\",\"@id\":\"https:\/\/www.joseppons.net\/es\/#\/schema\/person\/44d407be23690ad07475cef0d678fd26\"},\"headline\":\"Parsifal de Richard Wagner en Montserrat\",\"datePublished\":\"2025-05-01T08:45:29+00:00\",\"dateModified\":\"2025-11-05T09:51:59+00:00\",\"mainEntityOfPage\":{\"@id\":\"https:\/\/www.joseppons.net\/es\/parsifal-de-richard-wagner-en-montserrat\/\"},\"wordCount\":260,\"publisher\":{\"@id\":\"https:\/\/www.joseppons.net\/es\/#organization\"},\"image\":{\"@id\":\"https:\/\/www.joseppons.net\/es\/parsifal-de-richard-wagner-en-montserrat\/#primaryimage\"},\"thumbnailUrl\":\"https:\/\/www.joseppons.net\/wp-content\/uploads\/2025\/11\/1620_1744381250P4290051.jpg\",\"inLanguage\":\"es\"},{\"@type\":\"WebPage\",\"@id\":\"https:\/\/www.joseppons.net\/es\/parsifal-de-richard-wagner-en-montserrat\/\",\"url\":\"https:\/\/www.joseppons.net\/es\/parsifal-de-richard-wagner-en-montserrat\/\",\"name\":\"Parsifal de Richard Wagner en Montserrat | JOSEP PONS\",\"isPartOf\":{\"@id\":\"https:\/\/www.joseppons.net\/es\/#website\"},\"primaryImageOfPage\":{\"@id\":\"https:\/\/www.joseppons.net\/es\/parsifal-de-richard-wagner-en-montserrat\/#primaryimage\"},\"image\":{\"@id\":\"https:\/\/www.joseppons.net\/es\/parsifal-de-richard-wagner-en-montserrat\/#primaryimage\"},\"thumbnailUrl\":\"https:\/\/www.joseppons.net\/wp-content\/uploads\/2025\/11\/1620_1744381250P4290051.jpg\",\"datePublished\":\"2025-05-01T08:45:29+00:00\",\"dateModified\":\"2025-11-05T09:51:59+00:00\",\"breadcrumb\":{\"@id\":\"https:\/\/www.joseppons.net\/es\/parsifal-de-richard-wagner-en-montserrat\/#breadcrumb\"},\"inLanguage\":\"es\",\"potentialAction\":[{\"@type\":\"ReadAction\",\"target\":[\"https:\/\/www.joseppons.net\/es\/parsifal-de-richard-wagner-en-montserrat\/\"]}]},{\"@type\":\"ImageObject\",\"inLanguage\":\"es\",\"@id\":\"https:\/\/www.joseppons.net\/es\/parsifal-de-richard-wagner-en-montserrat\/#primaryimage\",\"url\":\"https:\/\/www.joseppons.net\/wp-content\/uploads\/2025\/11\/1620_1744381250P4290051.jpg\",\"contentUrl\":\"https:\/\/www.joseppons.net\/wp-content\/uploads\/2025\/11\/1620_1744381250P4290051.jpg\",\"width\":1620,\"height\":1212},{\"@type\":\"BreadcrumbList\",\"@id\":\"https:\/\/www.joseppons.net\/es\/parsifal-de-richard-wagner-en-montserrat\/#breadcrumb\",\"itemListElement\":[{\"@type\":\"ListItem\",\"position\":1,\"name\":\"Inici\",\"item\":\"https:\/\/www.joseppons.net\/es\/\"},{\"@type\":\"ListItem\",\"position\":2,\"name\":\"Parsifal de Richard Wagner en Montserrat\"}]},{\"@type\":\"WebSite\",\"@id\":\"https:\/\/www.joseppons.net\/es\/#website\",\"url\":\"https:\/\/www.joseppons.net\/es\/\",\"name\":\"JOSEP PONS\",\"description\":\"Comprom\u00e8s amb la m\u00fasica\",\"publisher\":{\"@id\":\"https:\/\/www.joseppons.net\/es\/#organization\"},\"alternateName\":\"JOSEP PONS\",\"potentialAction\":[{\"@type\":\"SearchAction\",\"target\":{\"@type\":\"EntryPoint\",\"urlTemplate\":\"https:\/\/www.joseppons.net\/es\/?s={search_term_string}\"},\"query-input\":{\"@type\":\"PropertyValueSpecification\",\"valueRequired\":true,\"valueName\":\"search_term_string\"}}],\"inLanguage\":\"es\"},{\"@type\":\"Organization\",\"@id\":\"https:\/\/www.joseppons.net\/es\/#organization\",\"name\":\"JOSEP PONS\",\"alternateName\":\"JOSEP PONS\",\"url\":\"https:\/\/www.joseppons.net\/es\/\",\"logo\":{\"@type\":\"ImageObject\",\"inLanguage\":\"es\",\"@id\":\"https:\/\/www.joseppons.net\/es\/#\/schema\/logo\/image\/\",\"url\":\"https:\/\/www.joseppons.net\/wp-content\/uploads\/2025\/06\/cropped-favicon-jp.png\",\"contentUrl\":\"https:\/\/www.joseppons.net\/wp-content\/uploads\/2025\/06\/cropped-favicon-jp.png\",\"width\":512,\"height\":512,\"caption\":\"JOSEP PONS\"},\"image\":{\"@id\":\"https:\/\/www.joseppons.net\/es\/#\/schema\/logo\/image\/\"},\"sameAs\":[\"https:\/\/www.facebook.com\/people\/Josep-Pons\/\",\"https:\/\/www.instagram.com\/josepponsconductor\/\",\"https:\/\/x.com\/ConductorPons\",\"https:\/\/open.spotify.com\/artist\/1TlFTSPL1hXKUTjHIqqFvV\",\"https:\/\/music.apple.com\/es\/artist\/josep-pons\/205799774\"]},{\"@type\":\"Person\",\"@id\":\"https:\/\/www.joseppons.net\/es\/#\/schema\/person\/44d407be23690ad07475cef0d678fd26\",\"name\":\"Amadeu Pons\",\"image\":{\"@type\":\"ImageObject\",\"inLanguage\":\"es\",\"@id\":\"https:\/\/www.joseppons.net\/es\/#\/schema\/person\/image\/\",\"url\":\"https:\/\/secure.gravatar.com\/avatar\/078038e762010f124d375175896abb6bf034ab0d68d04c21c95806849bf0b094?s=96&d=mm&r=g\",\"contentUrl\":\"https:\/\/secure.gravatar.com\/avatar\/078038e762010f124d375175896abb6bf034ab0d68d04c21c95806849bf0b094?s=96&d=mm&r=g\",\"caption\":\"Amadeu Pons\"}}]}<\/script>\n<!-- \/ Yoast SEO plugin. -->","yoast_head_json":{"title":"Parsifal de Richard Wagner en Montserrat | JOSEP PONS","robots":{"index":"index","follow":"follow","max-snippet":"max-snippet:-1","max-image-preview":"max-image-preview:large","max-video-preview":"max-video-preview:-1"},"canonical":"https:\/\/www.joseppons.net\/es\/parsifal-de-richard-wagner-en-montserrat\/","og_locale":"es_ES","og_type":"article","og_title":"Parsifal de Richard Wagner en Montserrat | JOSEP PONS","og_description":"El jueves 1 de mayo de 2025 a las 21 h, la Bas\u00edlica de Santa Mar\u00eda de Montserrat acoger\u00e1 una versi\u00f3n en concierto de la \u00f3pera Parsifal, bajo la direcci\u00f3n del maestro Josep Pons. El concierto forma parte del Festival de M\u00fasica del Milenario y cuenta con la colaboraci\u00f3n de la Abad\u00eda de Montserrat, la&hellip;&nbsp;Parsifal de Richard Wagner en Montserrat","og_url":"https:\/\/www.joseppons.net\/es\/parsifal-de-richard-wagner-en-montserrat\/","og_site_name":"JOSEP PONS","article_publisher":"https:\/\/www.facebook.com\/people\/Josep-Pons\/","article_published_time":"2025-05-01T08:45:29+00:00","article_modified_time":"2025-11-05T09:51:59+00:00","og_image":[{"width":1620,"height":1212,"url":"https:\/\/www.joseppons.net\/wp-content\/uploads\/2025\/11\/1620_1744381250P4290051.jpg","type":"image\/jpeg"}],"author":"Amadeu Pons","twitter_card":"summary_large_image","twitter_misc":{"Escrito por":"Amadeu Pons","Tiempo de lectura":"2 minutos"},"schema":{"@context":"https:\/\/schema.org","@graph":[{"@type":"Article","@id":"https:\/\/www.joseppons.net\/es\/parsifal-de-richard-wagner-en-montserrat\/#article","isPartOf":{"@id":"https:\/\/www.joseppons.net\/es\/parsifal-de-richard-wagner-en-montserrat\/"},"author":{"name":"Amadeu Pons","@id":"https:\/\/www.joseppons.net\/es\/#\/schema\/person\/44d407be23690ad07475cef0d678fd26"},"headline":"Parsifal de Richard Wagner en Montserrat","datePublished":"2025-05-01T08:45:29+00:00","dateModified":"2025-11-05T09:51:59+00:00","mainEntityOfPage":{"@id":"https:\/\/www.joseppons.net\/es\/parsifal-de-richard-wagner-en-montserrat\/"},"wordCount":260,"publisher":{"@id":"https:\/\/www.joseppons.net\/es\/#organization"},"image":{"@id":"https:\/\/www.joseppons.net\/es\/parsifal-de-richard-wagner-en-montserrat\/#primaryimage"},"thumbnailUrl":"https:\/\/www.joseppons.net\/wp-content\/uploads\/2025\/11\/1620_1744381250P4290051.jpg","inLanguage":"es"},{"@type":"WebPage","@id":"https:\/\/www.joseppons.net\/es\/parsifal-de-richard-wagner-en-montserrat\/","url":"https:\/\/www.joseppons.net\/es\/parsifal-de-richard-wagner-en-montserrat\/","name":"Parsifal de Richard Wagner en Montserrat | JOSEP PONS","isPartOf":{"@id":"https:\/\/www.joseppons.net\/es\/#website"},"primaryImageOfPage":{"@id":"https:\/\/www.joseppons.net\/es\/parsifal-de-richard-wagner-en-montserrat\/#primaryimage"},"image":{"@id":"https:\/\/www.joseppons.net\/es\/parsifal-de-richard-wagner-en-montserrat\/#primaryimage"},"thumbnailUrl":"https:\/\/www.joseppons.net\/wp-content\/uploads\/2025\/11\/1620_1744381250P4290051.jpg","datePublished":"2025-05-01T08:45:29+00:00","dateModified":"2025-11-05T09:51:59+00:00","breadcrumb":{"@id":"https:\/\/www.joseppons.net\/es\/parsifal-de-richard-wagner-en-montserrat\/#breadcrumb"},"inLanguage":"es","potentialAction":[{"@type":"ReadAction","target":["https:\/\/www.joseppons.net\/es\/parsifal-de-richard-wagner-en-montserrat\/"]}]},{"@type":"ImageObject","inLanguage":"es","@id":"https:\/\/www.joseppons.net\/es\/parsifal-de-richard-wagner-en-montserrat\/#primaryimage","url":"https:\/\/www.joseppons.net\/wp-content\/uploads\/2025\/11\/1620_1744381250P4290051.jpg","contentUrl":"https:\/\/www.joseppons.net\/wp-content\/uploads\/2025\/11\/1620_1744381250P4290051.jpg","width":1620,"height":1212},{"@type":"BreadcrumbList","@id":"https:\/\/www.joseppons.net\/es\/parsifal-de-richard-wagner-en-montserrat\/#breadcrumb","itemListElement":[{"@type":"ListItem","position":1,"name":"Inici","item":"https:\/\/www.joseppons.net\/es\/"},{"@type":"ListItem","position":2,"name":"Parsifal de Richard Wagner en Montserrat"}]},{"@type":"WebSite","@id":"https:\/\/www.joseppons.net\/es\/#website","url":"https:\/\/www.joseppons.net\/es\/","name":"JOSEP PONS","description":"Comprom\u00e8s amb la m\u00fasica","publisher":{"@id":"https:\/\/www.joseppons.net\/es\/#organization"},"alternateName":"JOSEP PONS","potentialAction":[{"@type":"SearchAction","target":{"@type":"EntryPoint","urlTemplate":"https:\/\/www.joseppons.net\/es\/?s={search_term_string}"},"query-input":{"@type":"PropertyValueSpecification","valueRequired":true,"valueName":"search_term_string"}}],"inLanguage":"es"},{"@type":"Organization","@id":"https:\/\/www.joseppons.net\/es\/#organization","name":"JOSEP PONS","alternateName":"JOSEP PONS","url":"https:\/\/www.joseppons.net\/es\/","logo":{"@type":"ImageObject","inLanguage":"es","@id":"https:\/\/www.joseppons.net\/es\/#\/schema\/logo\/image\/","url":"https:\/\/www.joseppons.net\/wp-content\/uploads\/2025\/06\/cropped-favicon-jp.png","contentUrl":"https:\/\/www.joseppons.net\/wp-content\/uploads\/2025\/06\/cropped-favicon-jp.png","width":512,"height":512,"caption":"JOSEP PONS"},"image":{"@id":"https:\/\/www.joseppons.net\/es\/#\/schema\/logo\/image\/"},"sameAs":["https:\/\/www.facebook.com\/people\/Josep-Pons\/","https:\/\/www.instagram.com\/josepponsconductor\/","https:\/\/x.com\/ConductorPons","https:\/\/open.spotify.com\/artist\/1TlFTSPL1hXKUTjHIqqFvV","https:\/\/music.apple.com\/es\/artist\/josep-pons\/205799774"]},{"@type":"Person","@id":"https:\/\/www.joseppons.net\/es\/#\/schema\/person\/44d407be23690ad07475cef0d678fd26","name":"Amadeu Pons","image":{"@type":"ImageObject","inLanguage":"es","@id":"https:\/\/www.joseppons.net\/es\/#\/schema\/person\/image\/","url":"https:\/\/secure.gravatar.com\/avatar\/078038e762010f124d375175896abb6bf034ab0d68d04c21c95806849bf0b094?s=96&d=mm&r=g","contentUrl":"https:\/\/secure.gravatar.com\/avatar\/078038e762010f124d375175896abb6bf034ab0d68d04c21c95806849bf0b094?s=96&d=mm&r=g","caption":"Amadeu Pons"}}]}},"_links":{"self":[{"href":"https:\/\/www.joseppons.net\/es\/wp-json\/wp\/v2\/posts\/6288","targetHints":{"allow":["GET"]}}],"collection":[{"href":"https:\/\/www.joseppons.net\/es\/wp-json\/wp\/v2\/posts"}],"about":[{"href":"https:\/\/www.joseppons.net\/es\/wp-json\/wp\/v2\/types\/post"}],"author":[{"embeddable":true,"href":"https:\/\/www.joseppons.net\/es\/wp-json\/wp\/v2\/users\/2"}],"replies":[{"embeddable":true,"href":"https:\/\/www.joseppons.net\/es\/wp-json\/wp\/v2\/comments?post=6288"}],"version-history":[{"count":1,"href":"https:\/\/www.joseppons.net\/es\/wp-json\/wp\/v2\/posts\/6288\/revisions"}],"predecessor-version":[{"id":6289,"href":"https:\/\/www.joseppons.net\/es\/wp-json\/wp\/v2\/posts\/6288\/revisions\/6289"}],"wp:featuredmedia":[{"embeddable":true,"href":"https:\/\/www.joseppons.net\/es\/wp-json\/wp\/v2\/media\/6281"}],"wp:attachment":[{"href":"https:\/\/www.joseppons.net\/es\/wp-json\/wp\/v2\/media?parent=6288"}],"wp:term":[{"taxonomy":"category","embeddable":true,"href":"https:\/\/www.joseppons.net\/es\/wp-json\/wp\/v2\/categories?post=6288"},{"taxonomy":"post_tag","embeddable":true,"href":"https:\/\/www.joseppons.net\/es\/wp-json\/wp\/v2\/tags?post=6288"}],"curies":[{"name":"wp","href":"https:\/\/api.w.org\/{rel}","templated":true}]}}