{"id":6306,"date":"2025-09-02T11:16:22","date_gmt":"2025-09-02T09:16:22","guid":{"rendered":"https:\/\/www.joseppons.net\/?p=6306"},"modified":"2025-11-05T11:23:42","modified_gmt":"2025-11-05T10:23:42","slug":"josep-pons-dirige-la-segunda-sinfonia-de-mahler-en-montserrat-con-motivo-del-milenario","status":"publish","type":"post","link":"https:\/\/www.joseppons.net\/es\/josep-pons-dirige-la-segunda-sinfonia-de-mahler-en-montserrat-con-motivo-del-milenario\/","title":{"rendered":"Josep Pons dirige la Segunda Sinfon\u00eda de Mahler en Montserrat con motivo del Milenario"},"content":{"rendered":"<p data-start=\"1472\" data-end=\"1713\">El <strong data-start=\"1475\" data-end=\"1509\">s\u00e1bado 6 de septiembre de 2025<\/strong>, la <strong data-start=\"1514\" data-end=\"1555\">Bas\u00edlica de Santa Mar\u00eda de Montserrat<\/strong> ser\u00e1 el escenario de una interpretaci\u00f3n excepcional de la <strong data-start=\"1614\" data-end=\"1664\">Sinfon\u00eda n.\u00ba 2 \u201cResurrecci\u00f3n\u201d de Gustav Mahler<\/strong>, bajo la direcci\u00f3n del <strong data-start=\"1688\" data-end=\"1710\">maestro Josep Pons<\/strong>. El concierto se enmarca dentro de los actos del <strong data-start=\"1763\" data-end=\"1790\">Milenario de Montserrat<\/strong> y supone una colaboraci\u00f3n especial entre el <strong data-start=\"1835\" data-end=\"1860\">Gran Teatre del Liceu<\/strong>, la <strong data-start=\"1865\" data-end=\"1904\">Orquesta Sinf\u00f3nica y Coro del Liceu<\/strong>, y la <strong data-start=\"1911\" data-end=\"1938\">Escolan\u00eda de Montserrat<\/strong>.<\/p>\n<p data-start=\"1943\" data-end=\"2104\">La monumental obra de Mahler, s\u00edmbolo de esperanza y renacimiento, adquiere un significado a\u00fan m\u00e1s profundo en un entorno de gran valor espiritual y simb\u00f3lico.<\/p>\n<blockquote>\n<p data-start=\"2106\" data-end=\"2319\"><em data-start=\"2136\" data-end=\"2317\">\u201cDirigir la Segunda de Mahler en Montserrat es una experiencia art\u00edstica y humana extraordinaria: la m\u00fasica, el lugar y el sentido de trascendencia se funden de una manera \u00fanica.\u201d<\/em><\/p>\n<\/blockquote>\n<p data-start=\"2321\" data-end=\"2526\">Con este proyecto, <strong data-start=\"2340\" data-end=\"2412\">Josep Pons contin\u00faa su trabajo al frente del ciclo dedicado a Mahler<\/strong>, reafirmando el compromiso del Liceu con el gran repertorio sinf\u00f3nico y con la dimensi\u00f3n espiritual de la m\u00fasica.<\/p>\n","protected":false},"excerpt":{"rendered":"<p>El s\u00e1bado 6 de septiembre de 2025, la Bas\u00edlica de Santa Mar\u00eda de Montserrat ser\u00e1 el escenario de una interpretaci\u00f3n excepcional de la Sinfon\u00eda n.\u00ba 2 \u201cResurrecci\u00f3n\u201d de Gustav Mahler, bajo la direcci\u00f3n del maestro Josep Pons. El concierto se enmarca dentro de los actos del Milenario de Montserrat y supone una colaboraci\u00f3n especial entre&hellip;&nbsp;<a href=\"https:\/\/www.joseppons.net\/es\/josep-pons-dirige-la-segunda-sinfonia-de-mahler-en-montserrat-con-motivo-del-milenario\/\" rel=\"bookmark\"><span class=\"screen-reader-text\">Josep Pons dirige la Segunda Sinfon\u00eda de Mahler en Montserrat con motivo del Milenario<\/span><\/a><\/p>\n","protected":false},"author":2,"featured_media":6304,"comment_status":"closed","ping_status":"closed","sticky":false,"template":"","format":"standard","meta":{"_acf_changed":false,"neve_meta_sidebar":"","neve_meta_container":"","neve_meta_enable_content_width":"off","neve_meta_content_width":100,"neve_meta_title_alignment":"","neve_meta_author_avatar":"","neve_post_elements_order":"","neve_meta_disable_header":"","neve_meta_disable_footer":"","neve_meta_disable_title":"","footnotes":""},"categories":[],"tags":[],"class_list":["post-6306","post","type-post","status-publish","format-standard","has-post-thumbnail","hentry"],"acf":[],"yoast_head":"<!-- This site is optimized with the Yoast SEO plugin v26.2 - https:\/\/yoast.com\/wordpress\/plugins\/seo\/ -->\n<title>Josep Pons dirige la Segunda Sinfon\u00eda de Mahler en Montserrat con motivo del Milenario | JOSEP PONS<\/title>\n<meta name=\"robots\" content=\"index, follow, max-snippet:-1, max-image-preview:large, max-video-preview:-1\" \/>\n<link rel=\"canonical\" href=\"https:\/\/www.joseppons.net\/es\/josep-pons-dirige-la-segunda-sinfonia-de-mahler-en-montserrat-con-motivo-del-milenario\/\" \/>\n<meta property=\"og:locale\" content=\"es_ES\" \/>\n<meta property=\"og:type\" content=\"article\" \/>\n<meta property=\"og:title\" content=\"Josep Pons dirige la Segunda Sinfon\u00eda de Mahler en Montserrat con motivo del Milenario | JOSEP PONS\" \/>\n<meta property=\"og:description\" content=\"El s\u00e1bado 6 de septiembre de 2025, la Bas\u00edlica de Santa Mar\u00eda de Montserrat ser\u00e1 el escenario de una interpretaci\u00f3n excepcional de la Sinfon\u00eda n.\u00ba 2 \u201cResurrecci\u00f3n\u201d de Gustav Mahler, bajo la direcci\u00f3n del maestro Josep Pons. El concierto se enmarca dentro de los actos del Milenario de Montserrat y supone una colaboraci\u00f3n especial entre&hellip;&nbsp;Josep Pons dirige la Segunda Sinfon\u00eda de Mahler en Montserrat con motivo del Milenario\" \/>\n<meta property=\"og:url\" content=\"https:\/\/www.joseppons.net\/es\/josep-pons-dirige-la-segunda-sinfonia-de-mahler-en-montserrat-con-motivo-del-milenario\/\" \/>\n<meta property=\"og:site_name\" content=\"JOSEP PONS\" \/>\n<meta property=\"article:publisher\" content=\"https:\/\/www.facebook.com\/people\/Josep-Pons\/\" \/>\n<meta property=\"article:published_time\" content=\"2025-09-02T09:16:22+00:00\" \/>\n<meta property=\"article:modified_time\" content=\"2025-11-05T10:23:42+00:00\" \/>\n<meta property=\"og:image\" content=\"https:\/\/www.joseppons.net\/wp-content\/uploads\/2025\/11\/Foto_Concert_Liceu_Montserrat.jpg\" \/>\n\t<meta property=\"og:image:width\" content=\"1650\" \/>\n\t<meta property=\"og:image:height\" content=\"1100\" \/>\n\t<meta property=\"og:image:type\" content=\"image\/jpeg\" \/>\n<meta name=\"author\" content=\"Amadeu Pons\" \/>\n<meta name=\"twitter:card\" content=\"summary_large_image\" \/>\n<meta name=\"twitter:label1\" content=\"Escrito por\" \/>\n\t<meta name=\"twitter:data1\" content=\"Amadeu Pons\" \/>\n\t<meta name=\"twitter:label2\" content=\"Tiempo de lectura\" \/>\n\t<meta name=\"twitter:data2\" content=\"1 minuto\" \/>\n<script type=\"application\/ld+json\" class=\"yoast-schema-graph\">{\"@context\":\"https:\/\/schema.org\",\"@graph\":[{\"@type\":\"Article\",\"@id\":\"https:\/\/www.joseppons.net\/es\/josep-pons-dirige-la-segunda-sinfonia-de-mahler-en-montserrat-con-motivo-del-milenario\/#article\",\"isPartOf\":{\"@id\":\"https:\/\/www.joseppons.net\/es\/josep-pons-dirige-la-segunda-sinfonia-de-mahler-en-montserrat-con-motivo-del-milenario\/\"},\"author\":{\"name\":\"Amadeu Pons\",\"@id\":\"https:\/\/www.joseppons.net\/es\/#\/schema\/person\/44d407be23690ad07475cef0d678fd26\"},\"headline\":\"Josep Pons dirige la Segunda Sinfon\u00eda de Mahler en Montserrat con motivo del Milenario\",\"datePublished\":\"2025-09-02T09:16:22+00:00\",\"dateModified\":\"2025-11-05T10:23:42+00:00\",\"mainEntityOfPage\":{\"@id\":\"https:\/\/www.joseppons.net\/es\/josep-pons-dirige-la-segunda-sinfonia-de-mahler-en-montserrat-con-motivo-del-milenario\/\"},\"wordCount\":191,\"publisher\":{\"@id\":\"https:\/\/www.joseppons.net\/es\/#organization\"},\"image\":{\"@id\":\"https:\/\/www.joseppons.net\/es\/josep-pons-dirige-la-segunda-sinfonia-de-mahler-en-montserrat-con-motivo-del-milenario\/#primaryimage\"},\"thumbnailUrl\":\"https:\/\/www.joseppons.net\/wp-content\/uploads\/2025\/11\/Foto_Concert_Liceu_Montserrat.jpg\",\"inLanguage\":\"es\"},{\"@type\":\"WebPage\",\"@id\":\"https:\/\/www.joseppons.net\/es\/josep-pons-dirige-la-segunda-sinfonia-de-mahler-en-montserrat-con-motivo-del-milenario\/\",\"url\":\"https:\/\/www.joseppons.net\/es\/josep-pons-dirige-la-segunda-sinfonia-de-mahler-en-montserrat-con-motivo-del-milenario\/\",\"name\":\"Josep Pons dirige la Segunda Sinfon\u00eda de Mahler en Montserrat con motivo del Milenario | JOSEP PONS\",\"isPartOf\":{\"@id\":\"https:\/\/www.joseppons.net\/es\/#website\"},\"primaryImageOfPage\":{\"@id\":\"https:\/\/www.joseppons.net\/es\/josep-pons-dirige-la-segunda-sinfonia-de-mahler-en-montserrat-con-motivo-del-milenario\/#primaryimage\"},\"image\":{\"@id\":\"https:\/\/www.joseppons.net\/es\/josep-pons-dirige-la-segunda-sinfonia-de-mahler-en-montserrat-con-motivo-del-milenario\/#primaryimage\"},\"thumbnailUrl\":\"https:\/\/www.joseppons.net\/wp-content\/uploads\/2025\/11\/Foto_Concert_Liceu_Montserrat.jpg\",\"datePublished\":\"2025-09-02T09:16:22+00:00\",\"dateModified\":\"2025-11-05T10:23:42+00:00\",\"breadcrumb\":{\"@id\":\"https:\/\/www.joseppons.net\/es\/josep-pons-dirige-la-segunda-sinfonia-de-mahler-en-montserrat-con-motivo-del-milenario\/#breadcrumb\"},\"inLanguage\":\"es\",\"potentialAction\":[{\"@type\":\"ReadAction\",\"target\":[\"https:\/\/www.joseppons.net\/es\/josep-pons-dirige-la-segunda-sinfonia-de-mahler-en-montserrat-con-motivo-del-milenario\/\"]}]},{\"@type\":\"ImageObject\",\"inLanguage\":\"es\",\"@id\":\"https:\/\/www.joseppons.net\/es\/josep-pons-dirige-la-segunda-sinfonia-de-mahler-en-montserrat-con-motivo-del-milenario\/#primaryimage\",\"url\":\"https:\/\/www.joseppons.net\/wp-content\/uploads\/2025\/11\/Foto_Concert_Liceu_Montserrat.jpg\",\"contentUrl\":\"https:\/\/www.joseppons.net\/wp-content\/uploads\/2025\/11\/Foto_Concert_Liceu_Montserrat.jpg\",\"width\":1650,\"height\":1100},{\"@type\":\"BreadcrumbList\",\"@id\":\"https:\/\/www.joseppons.net\/es\/josep-pons-dirige-la-segunda-sinfonia-de-mahler-en-montserrat-con-motivo-del-milenario\/#breadcrumb\",\"itemListElement\":[{\"@type\":\"ListItem\",\"position\":1,\"name\":\"Inici\",\"item\":\"https:\/\/www.joseppons.net\/es\/\"},{\"@type\":\"ListItem\",\"position\":2,\"name\":\"Josep Pons dirige la Segunda Sinfon\u00eda de Mahler en Montserrat con motivo del Milenario\"}]},{\"@type\":\"WebSite\",\"@id\":\"https:\/\/www.joseppons.net\/es\/#website\",\"url\":\"https:\/\/www.joseppons.net\/es\/\",\"name\":\"JOSEP PONS\",\"description\":\"Comprom\u00e8s amb la m\u00fasica\",\"publisher\":{\"@id\":\"https:\/\/www.joseppons.net\/es\/#organization\"},\"alternateName\":\"JOSEP PONS\",\"potentialAction\":[{\"@type\":\"SearchAction\",\"target\":{\"@type\":\"EntryPoint\",\"urlTemplate\":\"https:\/\/www.joseppons.net\/es\/?s={search_term_string}\"},\"query-input\":{\"@type\":\"PropertyValueSpecification\",\"valueRequired\":true,\"valueName\":\"search_term_string\"}}],\"inLanguage\":\"es\"},{\"@type\":\"Organization\",\"@id\":\"https:\/\/www.joseppons.net\/es\/#organization\",\"name\":\"JOSEP PONS\",\"alternateName\":\"JOSEP PONS\",\"url\":\"https:\/\/www.joseppons.net\/es\/\",\"logo\":{\"@type\":\"ImageObject\",\"inLanguage\":\"es\",\"@id\":\"https:\/\/www.joseppons.net\/es\/#\/schema\/logo\/image\/\",\"url\":\"https:\/\/www.joseppons.net\/wp-content\/uploads\/2025\/06\/cropped-favicon-jp.png\",\"contentUrl\":\"https:\/\/www.joseppons.net\/wp-content\/uploads\/2025\/06\/cropped-favicon-jp.png\",\"width\":512,\"height\":512,\"caption\":\"JOSEP PONS\"},\"image\":{\"@id\":\"https:\/\/www.joseppons.net\/es\/#\/schema\/logo\/image\/\"},\"sameAs\":[\"https:\/\/www.facebook.com\/people\/Josep-Pons\/\",\"https:\/\/www.instagram.com\/josepponsconductor\/\",\"https:\/\/x.com\/ConductorPons\",\"https:\/\/open.spotify.com\/artist\/1TlFTSPL1hXKUTjHIqqFvV\",\"https:\/\/music.apple.com\/es\/artist\/josep-pons\/205799774\"]},{\"@type\":\"Person\",\"@id\":\"https:\/\/www.joseppons.net\/es\/#\/schema\/person\/44d407be23690ad07475cef0d678fd26\",\"name\":\"Amadeu Pons\",\"image\":{\"@type\":\"ImageObject\",\"inLanguage\":\"es\",\"@id\":\"https:\/\/www.joseppons.net\/es\/#\/schema\/person\/image\/\",\"url\":\"https:\/\/secure.gravatar.com\/avatar\/078038e762010f124d375175896abb6bf034ab0d68d04c21c95806849bf0b094?s=96&d=mm&r=g\",\"contentUrl\":\"https:\/\/secure.gravatar.com\/avatar\/078038e762010f124d375175896abb6bf034ab0d68d04c21c95806849bf0b094?s=96&d=mm&r=g\",\"caption\":\"Amadeu Pons\"}}]}<\/script>\n<!-- \/ Yoast SEO plugin. -->","yoast_head_json":{"title":"Josep Pons dirige la Segunda Sinfon\u00eda de Mahler en Montserrat con motivo del Milenario | JOSEP PONS","robots":{"index":"index","follow":"follow","max-snippet":"max-snippet:-1","max-image-preview":"max-image-preview:large","max-video-preview":"max-video-preview:-1"},"canonical":"https:\/\/www.joseppons.net\/es\/josep-pons-dirige-la-segunda-sinfonia-de-mahler-en-montserrat-con-motivo-del-milenario\/","og_locale":"es_ES","og_type":"article","og_title":"Josep Pons dirige la Segunda Sinfon\u00eda de Mahler en Montserrat con motivo del Milenario | JOSEP PONS","og_description":"El s\u00e1bado 6 de septiembre de 2025, la Bas\u00edlica de Santa Mar\u00eda de Montserrat ser\u00e1 el escenario de una interpretaci\u00f3n excepcional de la Sinfon\u00eda n.\u00ba 2 \u201cResurrecci\u00f3n\u201d de Gustav Mahler, bajo la direcci\u00f3n del maestro Josep Pons. El concierto se enmarca dentro de los actos del Milenario de Montserrat y supone una colaboraci\u00f3n especial entre&hellip;&nbsp;Josep Pons dirige la Segunda Sinfon\u00eda de Mahler en Montserrat con motivo del Milenario","og_url":"https:\/\/www.joseppons.net\/es\/josep-pons-dirige-la-segunda-sinfonia-de-mahler-en-montserrat-con-motivo-del-milenario\/","og_site_name":"JOSEP PONS","article_publisher":"https:\/\/www.facebook.com\/people\/Josep-Pons\/","article_published_time":"2025-09-02T09:16:22+00:00","article_modified_time":"2025-11-05T10:23:42+00:00","og_image":[{"width":1650,"height":1100,"url":"https:\/\/www.joseppons.net\/wp-content\/uploads\/2025\/11\/Foto_Concert_Liceu_Montserrat.jpg","type":"image\/jpeg"}],"author":"Amadeu Pons","twitter_card":"summary_large_image","twitter_misc":{"Escrito por":"Amadeu Pons","Tiempo de lectura":"1 minuto"},"schema":{"@context":"https:\/\/schema.org","@graph":[{"@type":"Article","@id":"https:\/\/www.joseppons.net\/es\/josep-pons-dirige-la-segunda-sinfonia-de-mahler-en-montserrat-con-motivo-del-milenario\/#article","isPartOf":{"@id":"https:\/\/www.joseppons.net\/es\/josep-pons-dirige-la-segunda-sinfonia-de-mahler-en-montserrat-con-motivo-del-milenario\/"},"author":{"name":"Amadeu Pons","@id":"https:\/\/www.joseppons.net\/es\/#\/schema\/person\/44d407be23690ad07475cef0d678fd26"},"headline":"Josep Pons dirige la Segunda Sinfon\u00eda de Mahler en Montserrat con motivo del Milenario","datePublished":"2025-09-02T09:16:22+00:00","dateModified":"2025-11-05T10:23:42+00:00","mainEntityOfPage":{"@id":"https:\/\/www.joseppons.net\/es\/josep-pons-dirige-la-segunda-sinfonia-de-mahler-en-montserrat-con-motivo-del-milenario\/"},"wordCount":191,"publisher":{"@id":"https:\/\/www.joseppons.net\/es\/#organization"},"image":{"@id":"https:\/\/www.joseppons.net\/es\/josep-pons-dirige-la-segunda-sinfonia-de-mahler-en-montserrat-con-motivo-del-milenario\/#primaryimage"},"thumbnailUrl":"https:\/\/www.joseppons.net\/wp-content\/uploads\/2025\/11\/Foto_Concert_Liceu_Montserrat.jpg","inLanguage":"es"},{"@type":"WebPage","@id":"https:\/\/www.joseppons.net\/es\/josep-pons-dirige-la-segunda-sinfonia-de-mahler-en-montserrat-con-motivo-del-milenario\/","url":"https:\/\/www.joseppons.net\/es\/josep-pons-dirige-la-segunda-sinfonia-de-mahler-en-montserrat-con-motivo-del-milenario\/","name":"Josep Pons dirige la Segunda Sinfon\u00eda de Mahler en Montserrat con motivo del Milenario | JOSEP PONS","isPartOf":{"@id":"https:\/\/www.joseppons.net\/es\/#website"},"primaryImageOfPage":{"@id":"https:\/\/www.joseppons.net\/es\/josep-pons-dirige-la-segunda-sinfonia-de-mahler-en-montserrat-con-motivo-del-milenario\/#primaryimage"},"image":{"@id":"https:\/\/www.joseppons.net\/es\/josep-pons-dirige-la-segunda-sinfonia-de-mahler-en-montserrat-con-motivo-del-milenario\/#primaryimage"},"thumbnailUrl":"https:\/\/www.joseppons.net\/wp-content\/uploads\/2025\/11\/Foto_Concert_Liceu_Montserrat.jpg","datePublished":"2025-09-02T09:16:22+00:00","dateModified":"2025-11-05T10:23:42+00:00","breadcrumb":{"@id":"https:\/\/www.joseppons.net\/es\/josep-pons-dirige-la-segunda-sinfonia-de-mahler-en-montserrat-con-motivo-del-milenario\/#breadcrumb"},"inLanguage":"es","potentialAction":[{"@type":"ReadAction","target":["https:\/\/www.joseppons.net\/es\/josep-pons-dirige-la-segunda-sinfonia-de-mahler-en-montserrat-con-motivo-del-milenario\/"]}]},{"@type":"ImageObject","inLanguage":"es","@id":"https:\/\/www.joseppons.net\/es\/josep-pons-dirige-la-segunda-sinfonia-de-mahler-en-montserrat-con-motivo-del-milenario\/#primaryimage","url":"https:\/\/www.joseppons.net\/wp-content\/uploads\/2025\/11\/Foto_Concert_Liceu_Montserrat.jpg","contentUrl":"https:\/\/www.joseppons.net\/wp-content\/uploads\/2025\/11\/Foto_Concert_Liceu_Montserrat.jpg","width":1650,"height":1100},{"@type":"BreadcrumbList","@id":"https:\/\/www.joseppons.net\/es\/josep-pons-dirige-la-segunda-sinfonia-de-mahler-en-montserrat-con-motivo-del-milenario\/#breadcrumb","itemListElement":[{"@type":"ListItem","position":1,"name":"Inici","item":"https:\/\/www.joseppons.net\/es\/"},{"@type":"ListItem","position":2,"name":"Josep Pons dirige la Segunda Sinfon\u00eda de Mahler en Montserrat con motivo del Milenario"}]},{"@type":"WebSite","@id":"https:\/\/www.joseppons.net\/es\/#website","url":"https:\/\/www.joseppons.net\/es\/","name":"JOSEP PONS","description":"Comprom\u00e8s amb la m\u00fasica","publisher":{"@id":"https:\/\/www.joseppons.net\/es\/#organization"},"alternateName":"JOSEP PONS","potentialAction":[{"@type":"SearchAction","target":{"@type":"EntryPoint","urlTemplate":"https:\/\/www.joseppons.net\/es\/?s={search_term_string}"},"query-input":{"@type":"PropertyValueSpecification","valueRequired":true,"valueName":"search_term_string"}}],"inLanguage":"es"},{"@type":"Organization","@id":"https:\/\/www.joseppons.net\/es\/#organization","name":"JOSEP PONS","alternateName":"JOSEP PONS","url":"https:\/\/www.joseppons.net\/es\/","logo":{"@type":"ImageObject","inLanguage":"es","@id":"https:\/\/www.joseppons.net\/es\/#\/schema\/logo\/image\/","url":"https:\/\/www.joseppons.net\/wp-content\/uploads\/2025\/06\/cropped-favicon-jp.png","contentUrl":"https:\/\/www.joseppons.net\/wp-content\/uploads\/2025\/06\/cropped-favicon-jp.png","width":512,"height":512,"caption":"JOSEP PONS"},"image":{"@id":"https:\/\/www.joseppons.net\/es\/#\/schema\/logo\/image\/"},"sameAs":["https:\/\/www.facebook.com\/people\/Josep-Pons\/","https:\/\/www.instagram.com\/josepponsconductor\/","https:\/\/x.com\/ConductorPons","https:\/\/open.spotify.com\/artist\/1TlFTSPL1hXKUTjHIqqFvV","https:\/\/music.apple.com\/es\/artist\/josep-pons\/205799774"]},{"@type":"Person","@id":"https:\/\/www.joseppons.net\/es\/#\/schema\/person\/44d407be23690ad07475cef0d678fd26","name":"Amadeu Pons","image":{"@type":"ImageObject","inLanguage":"es","@id":"https:\/\/www.joseppons.net\/es\/#\/schema\/person\/image\/","url":"https:\/\/secure.gravatar.com\/avatar\/078038e762010f124d375175896abb6bf034ab0d68d04c21c95806849bf0b094?s=96&d=mm&r=g","contentUrl":"https:\/\/secure.gravatar.com\/avatar\/078038e762010f124d375175896abb6bf034ab0d68d04c21c95806849bf0b094?s=96&d=mm&r=g","caption":"Amadeu Pons"}}]}},"_links":{"self":[{"href":"https:\/\/www.joseppons.net\/es\/wp-json\/wp\/v2\/posts\/6306","targetHints":{"allow":["GET"]}}],"collection":[{"href":"https:\/\/www.joseppons.net\/es\/wp-json\/wp\/v2\/posts"}],"about":[{"href":"https:\/\/www.joseppons.net\/es\/wp-json\/wp\/v2\/types\/post"}],"author":[{"embeddable":true,"href":"https:\/\/www.joseppons.net\/es\/wp-json\/wp\/v2\/users\/2"}],"replies":[{"embeddable":true,"href":"https:\/\/www.joseppons.net\/es\/wp-json\/wp\/v2\/comments?post=6306"}],"version-history":[{"count":2,"href":"https:\/\/www.joseppons.net\/es\/wp-json\/wp\/v2\/posts\/6306\/revisions"}],"predecessor-version":[{"id":6313,"href":"https:\/\/www.joseppons.net\/es\/wp-json\/wp\/v2\/posts\/6306\/revisions\/6313"}],"wp:featuredmedia":[{"embeddable":true,"href":"https:\/\/www.joseppons.net\/es\/wp-json\/wp\/v2\/media\/6304"}],"wp:attachment":[{"href":"https:\/\/www.joseppons.net\/es\/wp-json\/wp\/v2\/media?parent=6306"}],"wp:term":[{"taxonomy":"category","embeddable":true,"href":"https:\/\/www.joseppons.net\/es\/wp-json\/wp\/v2\/categories?post=6306"},{"taxonomy":"post_tag","embeddable":true,"href":"https:\/\/www.joseppons.net\/es\/wp-json\/wp\/v2\/tags?post=6306"}],"curies":[{"name":"wp","href":"https:\/\/api.w.org\/{rel}","templated":true}]}}