{"id":6314,"date":"2025-09-01T11:31:45","date_gmt":"2025-09-01T09:31:45","guid":{"rendered":"https:\/\/www.joseppons.net\/?p=6314"},"modified":"2025-11-05T11:32:53","modified_gmt":"2025-11-05T10:32:53","slug":"la-nova-temporada-25-26-al-gran-teatre-del-liceu","status":"publish","type":"post","link":"https:\/\/www.joseppons.net\/es\/la-nova-temporada-25-26-al-gran-teatre-del-liceu\/","title":{"rendered":"La nueva temporada 25\/26 en el Gran Teatre del Liceu"},"content":{"rendered":"<p data-start=\"1782\" data-end=\"2101\">El <strong data-start=\"1785\" data-end=\"1810\">Gran Teatre del Liceu<\/strong> ha presentado su <strong data-start=\"1828\" data-end=\"1857\">nueva temporada 2025-2026<\/strong>, bajo el lema <em data-start=\"1872\" data-end=\"1891\">\u201clo imprevisible\u201d<\/em>. Esta ser\u00e1 una temporada especialmente emotiva, ya que marcar\u00e1 <strong data-start=\"1955\" data-end=\"2025\">el \u00faltimo a\u00f1o del maestro Josep Pons como director musical titular<\/strong> del Teatro, tras catorce a\u00f1os de trabajo al frente de su Orquesta y Coro.<\/p>\n<p data-start=\"2103\" data-end=\"2233\">Durante esta temporada, el maestro dirigir\u00e1 <strong data-start=\"2147\" data-end=\"2183\">tres grandes t\u00edtulos oper\u00edsticos<\/strong>, adem\u00e1s de culminar su ciclo dedicado a Mahler:<\/p>\n<ul data-start=\"2234\" data-end=\"2451\">\n<li data-start=\"2234\" data-end=\"2336\">\n<p data-start=\"2236\" data-end=\"2336\"><em data-start=\"2236\" data-end=\"2255\">La zorrita astuta<\/em> (<em data-start=\"2257\" data-end=\"2283\">P\u0159\u00edhody li\u0161ky Bystrou\u0161ky<\/em>) de Leo\u0161 Jan\u00e1\u010dek, que <strong data-start=\"2306\" data-end=\"2333\">inaugurar\u00e1 la temporada<\/strong>.<\/p>\n<\/li>\n<li data-start=\"2337\" data-end=\"2376\">\n<p data-start=\"2339\" data-end=\"2376\"><em data-start=\"2339\" data-end=\"2354\">Manon Lescaut<\/em> de Giacomo Puccini.<\/p>\n<\/li>\n<li data-start=\"2377\" data-end=\"2451\">\n<p data-start=\"2379\" data-end=\"2451\"><em data-start=\"2379\" data-end=\"2389\">Falstaff<\/em> de Giuseppe Verdi, que <strong data-start=\"2413\" data-end=\"2448\">cerrar\u00e1 la temporada oper\u00edstica<\/strong>.<\/p>\n<\/li>\n<\/ul>\n<p data-start=\"2453\" data-end=\"2665\">Asimismo, Josep Pons completar\u00e1 su recorrido por el universo sinf\u00f3nico de <strong data-start=\"2527\" data-end=\"2544\">Gustav Mahler<\/strong>, con la interpretaci\u00f3n de las <strong data-start=\"2575\" data-end=\"2599\">Sinfon\u00edas n\u00fam. 8 y 9<\/strong>, un proyecto que ha sido clave en su etapa al frente del Liceu.<\/p>\n<p data-start=\"2667\" data-end=\"2854\">Con esta temporada, el maestro se despide del cargo con una programaci\u00f3n que resume su visi\u00f3n musical: profundidad, coherencia, emoci\u00f3n y una constante b\u00fasqueda de excelencia art\u00edstica.<\/p>\n","protected":false},"excerpt":{"rendered":"<p>El Gran Teatre del Liceu ha presentado su nueva temporada 2025-2026, bajo el lema \u201clo imprevisible\u201d. Esta ser\u00e1 una temporada especialmente emotiva, ya que marcar\u00e1 el \u00faltimo a\u00f1o del maestro Josep Pons como director musical titular del Teatro, tras catorce a\u00f1os de trabajo al frente de su Orquesta y Coro. Durante esta temporada, el maestro&hellip;&nbsp;<a href=\"https:\/\/www.joseppons.net\/es\/la-nova-temporada-25-26-al-gran-teatre-del-liceu\/\" rel=\"bookmark\"><span class=\"screen-reader-text\">La nueva temporada 25\/26 en el Gran Teatre del Liceu<\/span><\/a><\/p>\n","protected":false},"author":2,"featured_media":6316,"comment_status":"closed","ping_status":"closed","sticky":false,"template":"","format":"standard","meta":{"_acf_changed":false,"neve_meta_sidebar":"","neve_meta_container":"","neve_meta_enable_content_width":"off","neve_meta_content_width":70,"neve_meta_title_alignment":"","neve_meta_author_avatar":"","neve_post_elements_order":"","neve_meta_disable_header":"","neve_meta_disable_footer":"","neve_meta_disable_title":"","footnotes":""},"categories":[],"tags":[],"class_list":["post-6314","post","type-post","status-publish","format-standard","has-post-thumbnail","hentry"],"acf":[],"yoast_head":"<!-- This site is optimized with the Yoast SEO plugin v26.2 - https:\/\/yoast.com\/wordpress\/plugins\/seo\/ -->\n<title>La nueva temporada 25\/26 en el Gran Teatre del Liceu | JOSEP PONS<\/title>\n<meta name=\"robots\" content=\"index, follow, max-snippet:-1, max-image-preview:large, max-video-preview:-1\" \/>\n<link rel=\"canonical\" href=\"https:\/\/www.joseppons.net\/es\/la-nova-temporada-25-26-al-gran-teatre-del-liceu\/\" \/>\n<meta property=\"og:locale\" content=\"es_ES\" \/>\n<meta property=\"og:type\" content=\"article\" \/>\n<meta property=\"og:title\" content=\"La nueva temporada 25\/26 en el Gran Teatre del Liceu | JOSEP PONS\" \/>\n<meta property=\"og:description\" content=\"El Gran Teatre del Liceu ha presentado su nueva temporada 2025-2026, bajo el lema \u201clo imprevisible\u201d. Esta ser\u00e1 una temporada especialmente emotiva, ya que marcar\u00e1 el \u00faltimo a\u00f1o del maestro Josep Pons como director musical titular del Teatro, tras catorce a\u00f1os de trabajo al frente de su Orquesta y Coro. Durante esta temporada, el maestro&hellip;&nbsp;La nueva temporada 25\/26 en el Gran Teatre del Liceu\" \/>\n<meta property=\"og:url\" content=\"https:\/\/www.joseppons.net\/es\/la-nova-temporada-25-26-al-gran-teatre-del-liceu\/\" \/>\n<meta property=\"og:site_name\" content=\"JOSEP PONS\" \/>\n<meta property=\"article:publisher\" content=\"https:\/\/www.facebook.com\/people\/Josep-Pons\/\" \/>\n<meta property=\"article:published_time\" content=\"2025-09-01T09:31:45+00:00\" \/>\n<meta property=\"article:modified_time\" content=\"2025-11-05T10:32:53+00:00\" \/>\n<meta property=\"og:image\" content=\"https:\/\/www.joseppons.net\/wp-content\/uploads\/2025\/11\/Capcalera-Noticia-RDP-Temporada.jpg\" \/>\n\t<meta property=\"og:image:width\" content=\"1470\" \/>\n\t<meta property=\"og:image:height\" content=\"820\" \/>\n\t<meta property=\"og:image:type\" content=\"image\/jpeg\" \/>\n<meta name=\"author\" content=\"Amadeu Pons\" \/>\n<meta name=\"twitter:card\" content=\"summary_large_image\" \/>\n<meta name=\"twitter:label1\" content=\"Escrito por\" \/>\n\t<meta name=\"twitter:data1\" content=\"Amadeu Pons\" \/>\n\t<meta name=\"twitter:label2\" content=\"Tiempo de lectura\" \/>\n\t<meta name=\"twitter:data2\" content=\"2 minutos\" \/>\n<script type=\"application\/ld+json\" class=\"yoast-schema-graph\">{\"@context\":\"https:\/\/schema.org\",\"@graph\":[{\"@type\":\"Article\",\"@id\":\"https:\/\/www.joseppons.net\/es\/la-nova-temporada-25-26-al-gran-teatre-del-liceu\/#article\",\"isPartOf\":{\"@id\":\"https:\/\/www.joseppons.net\/es\/la-nova-temporada-25-26-al-gran-teatre-del-liceu\/\"},\"author\":{\"name\":\"Amadeu Pons\",\"@id\":\"https:\/\/www.joseppons.net\/es\/#\/schema\/person\/44d407be23690ad07475cef0d678fd26\"},\"headline\":\"La nueva temporada 25\/26 en el Gran Teatre del Liceu\",\"datePublished\":\"2025-09-01T09:31:45+00:00\",\"dateModified\":\"2025-11-05T10:32:53+00:00\",\"mainEntityOfPage\":{\"@id\":\"https:\/\/www.joseppons.net\/es\/la-nova-temporada-25-26-al-gran-teatre-del-liceu\/\"},\"wordCount\":184,\"publisher\":{\"@id\":\"https:\/\/www.joseppons.net\/es\/#organization\"},\"image\":{\"@id\":\"https:\/\/www.joseppons.net\/es\/la-nova-temporada-25-26-al-gran-teatre-del-liceu\/#primaryimage\"},\"thumbnailUrl\":\"https:\/\/www.joseppons.net\/wp-content\/uploads\/2025\/11\/Capcalera-Noticia-RDP-Temporada.jpg\",\"inLanguage\":\"es\"},{\"@type\":\"WebPage\",\"@id\":\"https:\/\/www.joseppons.net\/es\/la-nova-temporada-25-26-al-gran-teatre-del-liceu\/\",\"url\":\"https:\/\/www.joseppons.net\/es\/la-nova-temporada-25-26-al-gran-teatre-del-liceu\/\",\"name\":\"La nueva temporada 25\/26 en el Gran Teatre del Liceu | JOSEP PONS\",\"isPartOf\":{\"@id\":\"https:\/\/www.joseppons.net\/es\/#website\"},\"primaryImageOfPage\":{\"@id\":\"https:\/\/www.joseppons.net\/es\/la-nova-temporada-25-26-al-gran-teatre-del-liceu\/#primaryimage\"},\"image\":{\"@id\":\"https:\/\/www.joseppons.net\/es\/la-nova-temporada-25-26-al-gran-teatre-del-liceu\/#primaryimage\"},\"thumbnailUrl\":\"https:\/\/www.joseppons.net\/wp-content\/uploads\/2025\/11\/Capcalera-Noticia-RDP-Temporada.jpg\",\"datePublished\":\"2025-09-01T09:31:45+00:00\",\"dateModified\":\"2025-11-05T10:32:53+00:00\",\"breadcrumb\":{\"@id\":\"https:\/\/www.joseppons.net\/es\/la-nova-temporada-25-26-al-gran-teatre-del-liceu\/#breadcrumb\"},\"inLanguage\":\"es\",\"potentialAction\":[{\"@type\":\"ReadAction\",\"target\":[\"https:\/\/www.joseppons.net\/es\/la-nova-temporada-25-26-al-gran-teatre-del-liceu\/\"]}]},{\"@type\":\"ImageObject\",\"inLanguage\":\"es\",\"@id\":\"https:\/\/www.joseppons.net\/es\/la-nova-temporada-25-26-al-gran-teatre-del-liceu\/#primaryimage\",\"url\":\"https:\/\/www.joseppons.net\/wp-content\/uploads\/2025\/11\/Capcalera-Noticia-RDP-Temporada.jpg\",\"contentUrl\":\"https:\/\/www.joseppons.net\/wp-content\/uploads\/2025\/11\/Capcalera-Noticia-RDP-Temporada.jpg\",\"width\":1470,\"height\":820},{\"@type\":\"BreadcrumbList\",\"@id\":\"https:\/\/www.joseppons.net\/es\/la-nova-temporada-25-26-al-gran-teatre-del-liceu\/#breadcrumb\",\"itemListElement\":[{\"@type\":\"ListItem\",\"position\":1,\"name\":\"Inici\",\"item\":\"https:\/\/www.joseppons.net\/es\/\"},{\"@type\":\"ListItem\",\"position\":2,\"name\":\"La nueva temporada 25\/26 en el Gran Teatre del Liceu\"}]},{\"@type\":\"WebSite\",\"@id\":\"https:\/\/www.joseppons.net\/es\/#website\",\"url\":\"https:\/\/www.joseppons.net\/es\/\",\"name\":\"JOSEP PONS\",\"description\":\"Comprom\u00e8s amb la m\u00fasica\",\"publisher\":{\"@id\":\"https:\/\/www.joseppons.net\/es\/#organization\"},\"alternateName\":\"JOSEP PONS\",\"potentialAction\":[{\"@type\":\"SearchAction\",\"target\":{\"@type\":\"EntryPoint\",\"urlTemplate\":\"https:\/\/www.joseppons.net\/es\/?s={search_term_string}\"},\"query-input\":{\"@type\":\"PropertyValueSpecification\",\"valueRequired\":true,\"valueName\":\"search_term_string\"}}],\"inLanguage\":\"es\"},{\"@type\":\"Organization\",\"@id\":\"https:\/\/www.joseppons.net\/es\/#organization\",\"name\":\"JOSEP PONS\",\"alternateName\":\"JOSEP PONS\",\"url\":\"https:\/\/www.joseppons.net\/es\/\",\"logo\":{\"@type\":\"ImageObject\",\"inLanguage\":\"es\",\"@id\":\"https:\/\/www.joseppons.net\/es\/#\/schema\/logo\/image\/\",\"url\":\"https:\/\/www.joseppons.net\/wp-content\/uploads\/2025\/06\/cropped-favicon-jp.png\",\"contentUrl\":\"https:\/\/www.joseppons.net\/wp-content\/uploads\/2025\/06\/cropped-favicon-jp.png\",\"width\":512,\"height\":512,\"caption\":\"JOSEP PONS\"},\"image\":{\"@id\":\"https:\/\/www.joseppons.net\/es\/#\/schema\/logo\/image\/\"},\"sameAs\":[\"https:\/\/www.facebook.com\/people\/Josep-Pons\/\",\"https:\/\/www.instagram.com\/josepponsconductor\/\",\"https:\/\/x.com\/ConductorPons\",\"https:\/\/open.spotify.com\/artist\/1TlFTSPL1hXKUTjHIqqFvV\",\"https:\/\/music.apple.com\/es\/artist\/josep-pons\/205799774\"]},{\"@type\":\"Person\",\"@id\":\"https:\/\/www.joseppons.net\/es\/#\/schema\/person\/44d407be23690ad07475cef0d678fd26\",\"name\":\"Amadeu Pons\",\"image\":{\"@type\":\"ImageObject\",\"inLanguage\":\"es\",\"@id\":\"https:\/\/www.joseppons.net\/es\/#\/schema\/person\/image\/\",\"url\":\"https:\/\/secure.gravatar.com\/avatar\/078038e762010f124d375175896abb6bf034ab0d68d04c21c95806849bf0b094?s=96&d=mm&r=g\",\"contentUrl\":\"https:\/\/secure.gravatar.com\/avatar\/078038e762010f124d375175896abb6bf034ab0d68d04c21c95806849bf0b094?s=96&d=mm&r=g\",\"caption\":\"Amadeu Pons\"}}]}<\/script>\n<!-- \/ Yoast SEO plugin. -->","yoast_head_json":{"title":"La nueva temporada 25\/26 en el Gran Teatre del Liceu | JOSEP PONS","robots":{"index":"index","follow":"follow","max-snippet":"max-snippet:-1","max-image-preview":"max-image-preview:large","max-video-preview":"max-video-preview:-1"},"canonical":"https:\/\/www.joseppons.net\/es\/la-nova-temporada-25-26-al-gran-teatre-del-liceu\/","og_locale":"es_ES","og_type":"article","og_title":"La nueva temporada 25\/26 en el Gran Teatre del Liceu | JOSEP PONS","og_description":"El Gran Teatre del Liceu ha presentado su nueva temporada 2025-2026, bajo el lema \u201clo imprevisible\u201d. Esta ser\u00e1 una temporada especialmente emotiva, ya que marcar\u00e1 el \u00faltimo a\u00f1o del maestro Josep Pons como director musical titular del Teatro, tras catorce a\u00f1os de trabajo al frente de su Orquesta y Coro. Durante esta temporada, el maestro&hellip;&nbsp;La nueva temporada 25\/26 en el Gran Teatre del Liceu","og_url":"https:\/\/www.joseppons.net\/es\/la-nova-temporada-25-26-al-gran-teatre-del-liceu\/","og_site_name":"JOSEP PONS","article_publisher":"https:\/\/www.facebook.com\/people\/Josep-Pons\/","article_published_time":"2025-09-01T09:31:45+00:00","article_modified_time":"2025-11-05T10:32:53+00:00","og_image":[{"width":1470,"height":820,"url":"https:\/\/www.joseppons.net\/wp-content\/uploads\/2025\/11\/Capcalera-Noticia-RDP-Temporada.jpg","type":"image\/jpeg"}],"author":"Amadeu Pons","twitter_card":"summary_large_image","twitter_misc":{"Escrito por":"Amadeu Pons","Tiempo de lectura":"2 minutos"},"schema":{"@context":"https:\/\/schema.org","@graph":[{"@type":"Article","@id":"https:\/\/www.joseppons.net\/es\/la-nova-temporada-25-26-al-gran-teatre-del-liceu\/#article","isPartOf":{"@id":"https:\/\/www.joseppons.net\/es\/la-nova-temporada-25-26-al-gran-teatre-del-liceu\/"},"author":{"name":"Amadeu Pons","@id":"https:\/\/www.joseppons.net\/es\/#\/schema\/person\/44d407be23690ad07475cef0d678fd26"},"headline":"La nueva temporada 25\/26 en el Gran Teatre del Liceu","datePublished":"2025-09-01T09:31:45+00:00","dateModified":"2025-11-05T10:32:53+00:00","mainEntityOfPage":{"@id":"https:\/\/www.joseppons.net\/es\/la-nova-temporada-25-26-al-gran-teatre-del-liceu\/"},"wordCount":184,"publisher":{"@id":"https:\/\/www.joseppons.net\/es\/#organization"},"image":{"@id":"https:\/\/www.joseppons.net\/es\/la-nova-temporada-25-26-al-gran-teatre-del-liceu\/#primaryimage"},"thumbnailUrl":"https:\/\/www.joseppons.net\/wp-content\/uploads\/2025\/11\/Capcalera-Noticia-RDP-Temporada.jpg","inLanguage":"es"},{"@type":"WebPage","@id":"https:\/\/www.joseppons.net\/es\/la-nova-temporada-25-26-al-gran-teatre-del-liceu\/","url":"https:\/\/www.joseppons.net\/es\/la-nova-temporada-25-26-al-gran-teatre-del-liceu\/","name":"La nueva temporada 25\/26 en el Gran Teatre del Liceu | JOSEP PONS","isPartOf":{"@id":"https:\/\/www.joseppons.net\/es\/#website"},"primaryImageOfPage":{"@id":"https:\/\/www.joseppons.net\/es\/la-nova-temporada-25-26-al-gran-teatre-del-liceu\/#primaryimage"},"image":{"@id":"https:\/\/www.joseppons.net\/es\/la-nova-temporada-25-26-al-gran-teatre-del-liceu\/#primaryimage"},"thumbnailUrl":"https:\/\/www.joseppons.net\/wp-content\/uploads\/2025\/11\/Capcalera-Noticia-RDP-Temporada.jpg","datePublished":"2025-09-01T09:31:45+00:00","dateModified":"2025-11-05T10:32:53+00:00","breadcrumb":{"@id":"https:\/\/www.joseppons.net\/es\/la-nova-temporada-25-26-al-gran-teatre-del-liceu\/#breadcrumb"},"inLanguage":"es","potentialAction":[{"@type":"ReadAction","target":["https:\/\/www.joseppons.net\/es\/la-nova-temporada-25-26-al-gran-teatre-del-liceu\/"]}]},{"@type":"ImageObject","inLanguage":"es","@id":"https:\/\/www.joseppons.net\/es\/la-nova-temporada-25-26-al-gran-teatre-del-liceu\/#primaryimage","url":"https:\/\/www.joseppons.net\/wp-content\/uploads\/2025\/11\/Capcalera-Noticia-RDP-Temporada.jpg","contentUrl":"https:\/\/www.joseppons.net\/wp-content\/uploads\/2025\/11\/Capcalera-Noticia-RDP-Temporada.jpg","width":1470,"height":820},{"@type":"BreadcrumbList","@id":"https:\/\/www.joseppons.net\/es\/la-nova-temporada-25-26-al-gran-teatre-del-liceu\/#breadcrumb","itemListElement":[{"@type":"ListItem","position":1,"name":"Inici","item":"https:\/\/www.joseppons.net\/es\/"},{"@type":"ListItem","position":2,"name":"La nueva temporada 25\/26 en el Gran Teatre del Liceu"}]},{"@type":"WebSite","@id":"https:\/\/www.joseppons.net\/es\/#website","url":"https:\/\/www.joseppons.net\/es\/","name":"JOSEP PONS","description":"Comprom\u00e8s amb la m\u00fasica","publisher":{"@id":"https:\/\/www.joseppons.net\/es\/#organization"},"alternateName":"JOSEP PONS","potentialAction":[{"@type":"SearchAction","target":{"@type":"EntryPoint","urlTemplate":"https:\/\/www.joseppons.net\/es\/?s={search_term_string}"},"query-input":{"@type":"PropertyValueSpecification","valueRequired":true,"valueName":"search_term_string"}}],"inLanguage":"es"},{"@type":"Organization","@id":"https:\/\/www.joseppons.net\/es\/#organization","name":"JOSEP PONS","alternateName":"JOSEP PONS","url":"https:\/\/www.joseppons.net\/es\/","logo":{"@type":"ImageObject","inLanguage":"es","@id":"https:\/\/www.joseppons.net\/es\/#\/schema\/logo\/image\/","url":"https:\/\/www.joseppons.net\/wp-content\/uploads\/2025\/06\/cropped-favicon-jp.png","contentUrl":"https:\/\/www.joseppons.net\/wp-content\/uploads\/2025\/06\/cropped-favicon-jp.png","width":512,"height":512,"caption":"JOSEP PONS"},"image":{"@id":"https:\/\/www.joseppons.net\/es\/#\/schema\/logo\/image\/"},"sameAs":["https:\/\/www.facebook.com\/people\/Josep-Pons\/","https:\/\/www.instagram.com\/josepponsconductor\/","https:\/\/x.com\/ConductorPons","https:\/\/open.spotify.com\/artist\/1TlFTSPL1hXKUTjHIqqFvV","https:\/\/music.apple.com\/es\/artist\/josep-pons\/205799774"]},{"@type":"Person","@id":"https:\/\/www.joseppons.net\/es\/#\/schema\/person\/44d407be23690ad07475cef0d678fd26","name":"Amadeu Pons","image":{"@type":"ImageObject","inLanguage":"es","@id":"https:\/\/www.joseppons.net\/es\/#\/schema\/person\/image\/","url":"https:\/\/secure.gravatar.com\/avatar\/078038e762010f124d375175896abb6bf034ab0d68d04c21c95806849bf0b094?s=96&d=mm&r=g","contentUrl":"https:\/\/secure.gravatar.com\/avatar\/078038e762010f124d375175896abb6bf034ab0d68d04c21c95806849bf0b094?s=96&d=mm&r=g","caption":"Amadeu Pons"}}]}},"_links":{"self":[{"href":"https:\/\/www.joseppons.net\/es\/wp-json\/wp\/v2\/posts\/6314","targetHints":{"allow":["GET"]}}],"collection":[{"href":"https:\/\/www.joseppons.net\/es\/wp-json\/wp\/v2\/posts"}],"about":[{"href":"https:\/\/www.joseppons.net\/es\/wp-json\/wp\/v2\/types\/post"}],"author":[{"embeddable":true,"href":"https:\/\/www.joseppons.net\/es\/wp-json\/wp\/v2\/users\/2"}],"replies":[{"embeddable":true,"href":"https:\/\/www.joseppons.net\/es\/wp-json\/wp\/v2\/comments?post=6314"}],"version-history":[{"count":3,"href":"https:\/\/www.joseppons.net\/es\/wp-json\/wp\/v2\/posts\/6314\/revisions"}],"predecessor-version":[{"id":6320,"href":"https:\/\/www.joseppons.net\/es\/wp-json\/wp\/v2\/posts\/6314\/revisions\/6320"}],"wp:featuredmedia":[{"embeddable":true,"href":"https:\/\/www.joseppons.net\/es\/wp-json\/wp\/v2\/media\/6316"}],"wp:attachment":[{"href":"https:\/\/www.joseppons.net\/es\/wp-json\/wp\/v2\/media?parent=6314"}],"wp:term":[{"taxonomy":"category","embeddable":true,"href":"https:\/\/www.joseppons.net\/es\/wp-json\/wp\/v2\/categories?post=6314"},{"taxonomy":"post_tag","embeddable":true,"href":"https:\/\/www.joseppons.net\/es\/wp-json\/wp\/v2\/tags?post=6314"}],"curies":[{"name":"wp","href":"https:\/\/api.w.org\/{rel}","templated":true}]}}