{"id":6334,"date":"2025-09-03T11:40:29","date_gmt":"2025-09-03T09:40:29","guid":{"rendered":"https:\/\/www.joseppons.net\/?p=6334"},"modified":"2025-11-05T11:47:13","modified_gmt":"2025-11-05T10:47:13","slug":"temporada-2025-26-deutsche-radio-philharmonie","status":"publish","type":"post","link":"https:\/\/www.joseppons.net\/es\/temporada-2025-26-deutsche-radio-philharmonie\/","title":{"rendered":"Temporada 2025\/26 Deutsche Radio Philharmonie"},"content":{"rendered":"<p data-start=\"2152\" data-end=\"2492\">La <strong data-start=\"2155\" data-end=\"2192\">Deutsche Radio Philharmonie (DRP)<\/strong> da la bienvenida al maestro <strong data-start=\"2221\" data-end=\"2235\">Josep Pons<\/strong>, quien asume esta temporada el cargo de <strong data-start=\"2276\" data-end=\"2308\">director titular y art\u00edstico<\/strong>. Con \u00e9l, la orquesta emprende <strong data-start=\"2339\" data-end=\"2358\">una nueva etapa<\/strong> marcada por una l\u00ednea art\u00edstica rica, diversa y profundamente reflexiva, que se desarrollar\u00e1 a lo largo de las pr\u00f3ximas temporadas.<\/p>\n<p data-start=\"2494\" data-end=\"2854\">El eje central de su proyecto lleva por t\u00edtulo <strong data-start=\"2541\" data-end=\"2564\">\u00abVisions of Europe\u00bb<\/strong>, una programaci\u00f3n que invita a pensar en la historia y la identidad de Europa, desde su esplendor cultural hasta los desaf\u00edos del presente. Los conciertos no se conciben como eventos aislados, sino como espacios de di\u00e1logo cultural que invitan a la reflexi\u00f3n m\u00e1s all\u00e1 del placer musical.<\/p>\n<p data-start=\"2856\" data-end=\"3239\">Cada temporada incluir\u00e1 <strong data-start=\"2880\" data-end=\"2907\">\u00abespacios de reflexi\u00f3n\u00bb<\/strong> tem\u00e1ticos, como <em data-start=\"2924\" data-end=\"2942\">El mundo de ayer<\/em> \u2014inspirado en la obra de Stefan Zweig y con conexiones entre Johann Strauss, Alban Berg, Dvo\u0159\u00e1k o Bart\u00f3k\u2014; <em data-start=\"3050\" data-end=\"3084\">La m\u00fasica en las cortes europeas<\/em>, que une a Lully, Rameau, Ravel y Strauss; o <em data-start=\"3130\" data-end=\"3152\">Laments and Passions<\/em>, un recorrido por la expresi\u00f3n musical del dolor y la pasi\u00f3n a trav\u00e9s de los siglos.<\/p>\n<p data-start=\"3241\" data-end=\"3559\">Un foco especial estar\u00e1 dedicado a <strong data-start=\"3276\" data-end=\"3300\">Hildegard von Bingen<\/strong>, gran figura del pensamiento y la m\u00fasica medieval. La <strong data-start=\"3355\" data-end=\"3410\">estrena mundial de un nuevo oratorio de Roland Kunz<\/strong> marcar\u00e1 el inicio del ciclo <strong data-start=\"3439\" data-end=\"3464\">\u00abUniversum Hildegard\u00bb<\/strong>, acompa\u00f1ado de conciertos de c\u00e1mara y actividades en colaboraci\u00f3n con instituciones locales.<\/p>\n<p data-start=\"3561\" data-end=\"3840\">El <strong data-start=\"3564\" data-end=\"3600\">compositor y violista Brett Dean<\/strong> ser\u00e1 el <strong data-start=\"3609\" data-end=\"3629\">Creative Partner<\/strong> de la temporada, con tres conciertos dedicados a su obra, y <strong data-start=\"3690\" data-end=\"3712\">Michael Sch\u00f8nwandt<\/strong> se incorpora como <strong data-start=\"3731\" data-end=\"3760\">Principal Guest Conductor<\/strong>, retomando un papel que no exist\u00eda desde la \u00e9poca de Stanis\u0142aw Skrowaczewski.<\/p>\n<p data-start=\"3842\" data-end=\"4062\">Bajo la batuta de Josep Pons, la DRP invita al p\u00fablico a descubrir <strong data-start=\"3909\" data-end=\"3971\">el poder emocional y la capacidad de conexi\u00f3n de la m\u00fasica<\/strong>, tanto en los escenarios tradicionales como en museos, escuelas y espacios alternativos.<\/p>\n<p data-start=\"3842\" data-end=\"4062\"><a href=\"https:\/\/www.drp-orchester.de\/drp\/service\/broschueren\/saisonprogramm_2025-26_100.pdf\">Programaci\u00f3n temporada<\/a><\/p>\n","protected":false},"excerpt":{"rendered":"<p>La Deutsche Radio Philharmonie (DRP) da la bienvenida al maestro Josep Pons, quien asume esta temporada el cargo de director titular y art\u00edstico. Con \u00e9l, la orquesta emprende una nueva etapa marcada por una l\u00ednea art\u00edstica rica, diversa y profundamente reflexiva, que se desarrollar\u00e1 a lo largo de las pr\u00f3ximas temporadas. El eje central de&hellip;&nbsp;<a href=\"https:\/\/www.joseppons.net\/es\/temporada-2025-26-deutsche-radio-philharmonie\/\" rel=\"bookmark\"><span class=\"screen-reader-text\">Temporada 2025\/26 Deutsche Radio Philharmonie<\/span><\/a><\/p>\n","protected":false},"author":2,"featured_media":6332,"comment_status":"closed","ping_status":"closed","sticky":false,"template":"","format":"standard","meta":{"_acf_changed":false,"neve_meta_sidebar":"","neve_meta_container":"","neve_meta_enable_content_width":"off","neve_meta_content_width":100,"neve_meta_title_alignment":"","neve_meta_author_avatar":"","neve_post_elements_order":"","neve_meta_disable_header":"","neve_meta_disable_footer":"","neve_meta_disable_title":"","footnotes":""},"categories":[],"tags":[],"class_list":["post-6334","post","type-post","status-publish","format-standard","has-post-thumbnail","hentry"],"acf":[],"yoast_head":"<!-- This site is optimized with the Yoast SEO plugin v26.2 - https:\/\/yoast.com\/wordpress\/plugins\/seo\/ -->\n<title>Temporada 2025\/26 Deutsche Radio Philharmonie | JOSEP PONS<\/title>\n<meta name=\"robots\" content=\"index, follow, max-snippet:-1, max-image-preview:large, max-video-preview:-1\" \/>\n<link rel=\"canonical\" href=\"https:\/\/www.joseppons.net\/es\/temporada-2025-26-deutsche-radio-philharmonie\/\" \/>\n<meta property=\"og:locale\" content=\"es_ES\" \/>\n<meta property=\"og:type\" content=\"article\" \/>\n<meta property=\"og:title\" content=\"Temporada 2025\/26 Deutsche Radio Philharmonie | JOSEP PONS\" \/>\n<meta property=\"og:description\" content=\"La Deutsche Radio Philharmonie (DRP) da la bienvenida al maestro Josep Pons, quien asume esta temporada el cargo de director titular y art\u00edstico. Con \u00e9l, la orquesta emprende una nueva etapa marcada por una l\u00ednea art\u00edstica rica, diversa y profundamente reflexiva, que se desarrollar\u00e1 a lo largo de las pr\u00f3ximas temporadas. El eje central de&hellip;&nbsp;Temporada 2025\/26 Deutsche Radio Philharmonie\" \/>\n<meta property=\"og:url\" content=\"https:\/\/www.joseppons.net\/es\/temporada-2025-26-deutsche-radio-philharmonie\/\" \/>\n<meta property=\"og:site_name\" content=\"JOSEP PONS\" \/>\n<meta property=\"article:publisher\" content=\"https:\/\/www.facebook.com\/people\/Josep-Pons\/\" \/>\n<meta property=\"article:published_time\" content=\"2025-09-03T09:40:29+00:00\" \/>\n<meta property=\"article:modified_time\" content=\"2025-11-05T10:47:13+00:00\" \/>\n<meta property=\"og:image\" content=\"https:\/\/www.joseppons.net\/wp-content\/uploads\/2025\/09\/2025-26_Cover_blanko100_v-sr__169__900.jpg\" \/>\n\t<meta property=\"og:image:width\" content=\"900\" \/>\n\t<meta property=\"og:image:height\" content=\"506\" \/>\n\t<meta property=\"og:image:type\" content=\"image\/jpeg\" \/>\n<meta name=\"author\" content=\"Amadeu Pons\" \/>\n<meta name=\"twitter:card\" content=\"summary_large_image\" \/>\n<meta name=\"twitter:label1\" content=\"Escrito por\" \/>\n\t<meta name=\"twitter:data1\" content=\"Amadeu Pons\" \/>\n\t<meta name=\"twitter:label2\" content=\"Tiempo de lectura\" \/>\n\t<meta name=\"twitter:data2\" content=\"2 minutos\" \/>\n<script type=\"application\/ld+json\" class=\"yoast-schema-graph\">{\"@context\":\"https:\/\/schema.org\",\"@graph\":[{\"@type\":\"Article\",\"@id\":\"https:\/\/www.joseppons.net\/es\/temporada-2025-26-deutsche-radio-philharmonie\/#article\",\"isPartOf\":{\"@id\":\"https:\/\/www.joseppons.net\/es\/temporada-2025-26-deutsche-radio-philharmonie\/\"},\"author\":{\"name\":\"Amadeu Pons\",\"@id\":\"https:\/\/www.joseppons.net\/es\/#\/schema\/person\/44d407be23690ad07475cef0d678fd26\"},\"headline\":\"Temporada 2025\/26 Deutsche Radio Philharmonie\",\"datePublished\":\"2025-09-03T09:40:29+00:00\",\"dateModified\":\"2025-11-05T10:47:13+00:00\",\"mainEntityOfPage\":{\"@id\":\"https:\/\/www.joseppons.net\/es\/temporada-2025-26-deutsche-radio-philharmonie\/\"},\"wordCount\":332,\"publisher\":{\"@id\":\"https:\/\/www.joseppons.net\/es\/#organization\"},\"image\":{\"@id\":\"https:\/\/www.joseppons.net\/es\/temporada-2025-26-deutsche-radio-philharmonie\/#primaryimage\"},\"thumbnailUrl\":\"https:\/\/www.joseppons.net\/wp-content\/uploads\/2025\/09\/2025-26_Cover_blanko100_v-sr__169__900.jpg\",\"inLanguage\":\"es\"},{\"@type\":\"WebPage\",\"@id\":\"https:\/\/www.joseppons.net\/es\/temporada-2025-26-deutsche-radio-philharmonie\/\",\"url\":\"https:\/\/www.joseppons.net\/es\/temporada-2025-26-deutsche-radio-philharmonie\/\",\"name\":\"Temporada 2025\/26 Deutsche Radio Philharmonie | JOSEP PONS\",\"isPartOf\":{\"@id\":\"https:\/\/www.joseppons.net\/es\/#website\"},\"primaryImageOfPage\":{\"@id\":\"https:\/\/www.joseppons.net\/es\/temporada-2025-26-deutsche-radio-philharmonie\/#primaryimage\"},\"image\":{\"@id\":\"https:\/\/www.joseppons.net\/es\/temporada-2025-26-deutsche-radio-philharmonie\/#primaryimage\"},\"thumbnailUrl\":\"https:\/\/www.joseppons.net\/wp-content\/uploads\/2025\/09\/2025-26_Cover_blanko100_v-sr__169__900.jpg\",\"datePublished\":\"2025-09-03T09:40:29+00:00\",\"dateModified\":\"2025-11-05T10:47:13+00:00\",\"breadcrumb\":{\"@id\":\"https:\/\/www.joseppons.net\/es\/temporada-2025-26-deutsche-radio-philharmonie\/#breadcrumb\"},\"inLanguage\":\"es\",\"potentialAction\":[{\"@type\":\"ReadAction\",\"target\":[\"https:\/\/www.joseppons.net\/es\/temporada-2025-26-deutsche-radio-philharmonie\/\"]}]},{\"@type\":\"ImageObject\",\"inLanguage\":\"es\",\"@id\":\"https:\/\/www.joseppons.net\/es\/temporada-2025-26-deutsche-radio-philharmonie\/#primaryimage\",\"url\":\"https:\/\/www.joseppons.net\/wp-content\/uploads\/2025\/09\/2025-26_Cover_blanko100_v-sr__169__900.jpg\",\"contentUrl\":\"https:\/\/www.joseppons.net\/wp-content\/uploads\/2025\/09\/2025-26_Cover_blanko100_v-sr__169__900.jpg\",\"width\":900,\"height\":506},{\"@type\":\"BreadcrumbList\",\"@id\":\"https:\/\/www.joseppons.net\/es\/temporada-2025-26-deutsche-radio-philharmonie\/#breadcrumb\",\"itemListElement\":[{\"@type\":\"ListItem\",\"position\":1,\"name\":\"Inici\",\"item\":\"https:\/\/www.joseppons.net\/es\/\"},{\"@type\":\"ListItem\",\"position\":2,\"name\":\"Temporada 2025\/26 Deutsche Radio Philharmonie\"}]},{\"@type\":\"WebSite\",\"@id\":\"https:\/\/www.joseppons.net\/es\/#website\",\"url\":\"https:\/\/www.joseppons.net\/es\/\",\"name\":\"JOSEP PONS\",\"description\":\"Comprom\u00e8s amb la m\u00fasica\",\"publisher\":{\"@id\":\"https:\/\/www.joseppons.net\/es\/#organization\"},\"alternateName\":\"JOSEP PONS\",\"potentialAction\":[{\"@type\":\"SearchAction\",\"target\":{\"@type\":\"EntryPoint\",\"urlTemplate\":\"https:\/\/www.joseppons.net\/es\/?s={search_term_string}\"},\"query-input\":{\"@type\":\"PropertyValueSpecification\",\"valueRequired\":true,\"valueName\":\"search_term_string\"}}],\"inLanguage\":\"es\"},{\"@type\":\"Organization\",\"@id\":\"https:\/\/www.joseppons.net\/es\/#organization\",\"name\":\"JOSEP PONS\",\"alternateName\":\"JOSEP PONS\",\"url\":\"https:\/\/www.joseppons.net\/es\/\",\"logo\":{\"@type\":\"ImageObject\",\"inLanguage\":\"es\",\"@id\":\"https:\/\/www.joseppons.net\/es\/#\/schema\/logo\/image\/\",\"url\":\"https:\/\/www.joseppons.net\/wp-content\/uploads\/2025\/06\/cropped-favicon-jp.png\",\"contentUrl\":\"https:\/\/www.joseppons.net\/wp-content\/uploads\/2025\/06\/cropped-favicon-jp.png\",\"width\":512,\"height\":512,\"caption\":\"JOSEP PONS\"},\"image\":{\"@id\":\"https:\/\/www.joseppons.net\/es\/#\/schema\/logo\/image\/\"},\"sameAs\":[\"https:\/\/www.facebook.com\/people\/Josep-Pons\/\",\"https:\/\/www.instagram.com\/josepponsconductor\/\",\"https:\/\/x.com\/ConductorPons\",\"https:\/\/open.spotify.com\/artist\/1TlFTSPL1hXKUTjHIqqFvV\",\"https:\/\/music.apple.com\/es\/artist\/josep-pons\/205799774\"]},{\"@type\":\"Person\",\"@id\":\"https:\/\/www.joseppons.net\/es\/#\/schema\/person\/44d407be23690ad07475cef0d678fd26\",\"name\":\"Amadeu Pons\",\"image\":{\"@type\":\"ImageObject\",\"inLanguage\":\"es\",\"@id\":\"https:\/\/www.joseppons.net\/es\/#\/schema\/person\/image\/\",\"url\":\"https:\/\/secure.gravatar.com\/avatar\/078038e762010f124d375175896abb6bf034ab0d68d04c21c95806849bf0b094?s=96&d=mm&r=g\",\"contentUrl\":\"https:\/\/secure.gravatar.com\/avatar\/078038e762010f124d375175896abb6bf034ab0d68d04c21c95806849bf0b094?s=96&d=mm&r=g\",\"caption\":\"Amadeu Pons\"}}]}<\/script>\n<!-- \/ Yoast SEO plugin. -->","yoast_head_json":{"title":"Temporada 2025\/26 Deutsche Radio Philharmonie | JOSEP PONS","robots":{"index":"index","follow":"follow","max-snippet":"max-snippet:-1","max-image-preview":"max-image-preview:large","max-video-preview":"max-video-preview:-1"},"canonical":"https:\/\/www.joseppons.net\/es\/temporada-2025-26-deutsche-radio-philharmonie\/","og_locale":"es_ES","og_type":"article","og_title":"Temporada 2025\/26 Deutsche Radio Philharmonie | JOSEP PONS","og_description":"La Deutsche Radio Philharmonie (DRP) da la bienvenida al maestro Josep Pons, quien asume esta temporada el cargo de director titular y art\u00edstico. Con \u00e9l, la orquesta emprende una nueva etapa marcada por una l\u00ednea art\u00edstica rica, diversa y profundamente reflexiva, que se desarrollar\u00e1 a lo largo de las pr\u00f3ximas temporadas. El eje central de&hellip;&nbsp;Temporada 2025\/26 Deutsche Radio Philharmonie","og_url":"https:\/\/www.joseppons.net\/es\/temporada-2025-26-deutsche-radio-philharmonie\/","og_site_name":"JOSEP PONS","article_publisher":"https:\/\/www.facebook.com\/people\/Josep-Pons\/","article_published_time":"2025-09-03T09:40:29+00:00","article_modified_time":"2025-11-05T10:47:13+00:00","og_image":[{"width":900,"height":506,"url":"https:\/\/www.joseppons.net\/wp-content\/uploads\/2025\/09\/2025-26_Cover_blanko100_v-sr__169__900.jpg","type":"image\/jpeg"}],"author":"Amadeu Pons","twitter_card":"summary_large_image","twitter_misc":{"Escrito por":"Amadeu Pons","Tiempo de lectura":"2 minutos"},"schema":{"@context":"https:\/\/schema.org","@graph":[{"@type":"Article","@id":"https:\/\/www.joseppons.net\/es\/temporada-2025-26-deutsche-radio-philharmonie\/#article","isPartOf":{"@id":"https:\/\/www.joseppons.net\/es\/temporada-2025-26-deutsche-radio-philharmonie\/"},"author":{"name":"Amadeu Pons","@id":"https:\/\/www.joseppons.net\/es\/#\/schema\/person\/44d407be23690ad07475cef0d678fd26"},"headline":"Temporada 2025\/26 Deutsche Radio Philharmonie","datePublished":"2025-09-03T09:40:29+00:00","dateModified":"2025-11-05T10:47:13+00:00","mainEntityOfPage":{"@id":"https:\/\/www.joseppons.net\/es\/temporada-2025-26-deutsche-radio-philharmonie\/"},"wordCount":332,"publisher":{"@id":"https:\/\/www.joseppons.net\/es\/#organization"},"image":{"@id":"https:\/\/www.joseppons.net\/es\/temporada-2025-26-deutsche-radio-philharmonie\/#primaryimage"},"thumbnailUrl":"https:\/\/www.joseppons.net\/wp-content\/uploads\/2025\/09\/2025-26_Cover_blanko100_v-sr__169__900.jpg","inLanguage":"es"},{"@type":"WebPage","@id":"https:\/\/www.joseppons.net\/es\/temporada-2025-26-deutsche-radio-philharmonie\/","url":"https:\/\/www.joseppons.net\/es\/temporada-2025-26-deutsche-radio-philharmonie\/","name":"Temporada 2025\/26 Deutsche Radio Philharmonie | JOSEP PONS","isPartOf":{"@id":"https:\/\/www.joseppons.net\/es\/#website"},"primaryImageOfPage":{"@id":"https:\/\/www.joseppons.net\/es\/temporada-2025-26-deutsche-radio-philharmonie\/#primaryimage"},"image":{"@id":"https:\/\/www.joseppons.net\/es\/temporada-2025-26-deutsche-radio-philharmonie\/#primaryimage"},"thumbnailUrl":"https:\/\/www.joseppons.net\/wp-content\/uploads\/2025\/09\/2025-26_Cover_blanko100_v-sr__169__900.jpg","datePublished":"2025-09-03T09:40:29+00:00","dateModified":"2025-11-05T10:47:13+00:00","breadcrumb":{"@id":"https:\/\/www.joseppons.net\/es\/temporada-2025-26-deutsche-radio-philharmonie\/#breadcrumb"},"inLanguage":"es","potentialAction":[{"@type":"ReadAction","target":["https:\/\/www.joseppons.net\/es\/temporada-2025-26-deutsche-radio-philharmonie\/"]}]},{"@type":"ImageObject","inLanguage":"es","@id":"https:\/\/www.joseppons.net\/es\/temporada-2025-26-deutsche-radio-philharmonie\/#primaryimage","url":"https:\/\/www.joseppons.net\/wp-content\/uploads\/2025\/09\/2025-26_Cover_blanko100_v-sr__169__900.jpg","contentUrl":"https:\/\/www.joseppons.net\/wp-content\/uploads\/2025\/09\/2025-26_Cover_blanko100_v-sr__169__900.jpg","width":900,"height":506},{"@type":"BreadcrumbList","@id":"https:\/\/www.joseppons.net\/es\/temporada-2025-26-deutsche-radio-philharmonie\/#breadcrumb","itemListElement":[{"@type":"ListItem","position":1,"name":"Inici","item":"https:\/\/www.joseppons.net\/es\/"},{"@type":"ListItem","position":2,"name":"Temporada 2025\/26 Deutsche Radio Philharmonie"}]},{"@type":"WebSite","@id":"https:\/\/www.joseppons.net\/es\/#website","url":"https:\/\/www.joseppons.net\/es\/","name":"JOSEP PONS","description":"Comprom\u00e8s amb la m\u00fasica","publisher":{"@id":"https:\/\/www.joseppons.net\/es\/#organization"},"alternateName":"JOSEP PONS","potentialAction":[{"@type":"SearchAction","target":{"@type":"EntryPoint","urlTemplate":"https:\/\/www.joseppons.net\/es\/?s={search_term_string}"},"query-input":{"@type":"PropertyValueSpecification","valueRequired":true,"valueName":"search_term_string"}}],"inLanguage":"es"},{"@type":"Organization","@id":"https:\/\/www.joseppons.net\/es\/#organization","name":"JOSEP PONS","alternateName":"JOSEP PONS","url":"https:\/\/www.joseppons.net\/es\/","logo":{"@type":"ImageObject","inLanguage":"es","@id":"https:\/\/www.joseppons.net\/es\/#\/schema\/logo\/image\/","url":"https:\/\/www.joseppons.net\/wp-content\/uploads\/2025\/06\/cropped-favicon-jp.png","contentUrl":"https:\/\/www.joseppons.net\/wp-content\/uploads\/2025\/06\/cropped-favicon-jp.png","width":512,"height":512,"caption":"JOSEP PONS"},"image":{"@id":"https:\/\/www.joseppons.net\/es\/#\/schema\/logo\/image\/"},"sameAs":["https:\/\/www.facebook.com\/people\/Josep-Pons\/","https:\/\/www.instagram.com\/josepponsconductor\/","https:\/\/x.com\/ConductorPons","https:\/\/open.spotify.com\/artist\/1TlFTSPL1hXKUTjHIqqFvV","https:\/\/music.apple.com\/es\/artist\/josep-pons\/205799774"]},{"@type":"Person","@id":"https:\/\/www.joseppons.net\/es\/#\/schema\/person\/44d407be23690ad07475cef0d678fd26","name":"Amadeu Pons","image":{"@type":"ImageObject","inLanguage":"es","@id":"https:\/\/www.joseppons.net\/es\/#\/schema\/person\/image\/","url":"https:\/\/secure.gravatar.com\/avatar\/078038e762010f124d375175896abb6bf034ab0d68d04c21c95806849bf0b094?s=96&d=mm&r=g","contentUrl":"https:\/\/secure.gravatar.com\/avatar\/078038e762010f124d375175896abb6bf034ab0d68d04c21c95806849bf0b094?s=96&d=mm&r=g","caption":"Amadeu Pons"}}]}},"_links":{"self":[{"href":"https:\/\/www.joseppons.net\/es\/wp-json\/wp\/v2\/posts\/6334","targetHints":{"allow":["GET"]}}],"collection":[{"href":"https:\/\/www.joseppons.net\/es\/wp-json\/wp\/v2\/posts"}],"about":[{"href":"https:\/\/www.joseppons.net\/es\/wp-json\/wp\/v2\/types\/post"}],"author":[{"embeddable":true,"href":"https:\/\/www.joseppons.net\/es\/wp-json\/wp\/v2\/users\/2"}],"replies":[{"embeddable":true,"href":"https:\/\/www.joseppons.net\/es\/wp-json\/wp\/v2\/comments?post=6334"}],"version-history":[{"count":3,"href":"https:\/\/www.joseppons.net\/es\/wp-json\/wp\/v2\/posts\/6334\/revisions"}],"predecessor-version":[{"id":6337,"href":"https:\/\/www.joseppons.net\/es\/wp-json\/wp\/v2\/posts\/6334\/revisions\/6337"}],"wp:featuredmedia":[{"embeddable":true,"href":"https:\/\/www.joseppons.net\/es\/wp-json\/wp\/v2\/media\/6332"}],"wp:attachment":[{"href":"https:\/\/www.joseppons.net\/es\/wp-json\/wp\/v2\/media?parent=6334"}],"wp:term":[{"taxonomy":"category","embeddable":true,"href":"https:\/\/www.joseppons.net\/es\/wp-json\/wp\/v2\/categories?post=6334"},{"taxonomy":"post_tag","embeddable":true,"href":"https:\/\/www.joseppons.net\/es\/wp-json\/wp\/v2\/tags?post=6334"}],"curies":[{"name":"wp","href":"https:\/\/api.w.org\/{rel}","templated":true}]}}