{"id":6350,"date":"2025-09-15T11:53:30","date_gmt":"2025-09-15T09:53:30","guid":{"rendered":"https:\/\/www.joseppons.net\/?p=6350"},"modified":"2025-12-02T09:49:23","modified_gmt":"2025-12-02T08:49:23","slug":"el-liceu-abre-la-temporada-2025-26-con-la-zorrita-astuta","status":"publish","type":"post","link":"https:\/\/www.joseppons.net\/es\/el-liceu-abre-la-temporada-2025-26-con-la-zorrita-astuta\/","title":{"rendered":"El Liceu abre la temporada 2025-26 con La zorrita astuta"},"content":{"rendered":"<p data-start=\"1254\" data-end=\"1440\">El <strong data-start=\"1257\" data-end=\"1282\">Gran Teatre del Liceu<\/strong> inaugura la temporada <strong data-start=\"1305\" data-end=\"1318\">2025-2026<\/strong> con la producci\u00f3n de <em data-start=\"1340\" data-end=\"1363\"><strong data-start=\"1341\" data-end=\"1362\">La zorrita astuta<\/strong><\/em> de <strong data-start=\"1367\" data-end=\"1383\">Leo\u0161 Jan\u00e1\u010dek<\/strong>, bajo la <strong data-start=\"1393\" data-end=\"1437\">direcci\u00f3n musical del maestro Josep Pons<\/strong>.<\/p>\n<p data-start=\"1442\" data-end=\"1666\">La puesta en escena, firmada por <strong data-start=\"1475\" data-end=\"1491\">Barrie Kosky<\/strong> (repasada por <strong data-start=\"1506\" data-end=\"1525\">Andreas Weirich<\/strong>), reflexiona sobre el <strong data-start=\"1548\" data-end=\"1584\">ciclo de la vida y la naturaleza<\/strong>, y se presenta <strong data-start=\"1600\" data-end=\"1618\">sin entreactos<\/strong>, en una <strong data-start=\"1627\" data-end=\"1663\">versi\u00f3n condensada de 90 minutos<\/strong>.<\/p>\n<p data-start=\"1668\" data-end=\"1873\">Para el maestro <strong data-start=\"1684\" data-end=\"1698\">Josep Pons<\/strong>, dirigir esta producci\u00f3n supone \u201c<strong data-start=\"1732\" data-end=\"1760\">una aventura apasionante<\/strong>\u201d, destacando que \u201c<strong data-start=\"1779\" data-end=\"1869\">Jan\u00e1\u010dek fue un genio que supo conectar la m\u00fasica con la esencia misma de la naturaleza<\/strong>\u201d.<\/p>\n<p data-start=\"1875\" data-end=\"2102\">Con este t\u00edtulo, el <strong data-start=\"1895\" data-end=\"1904\">Liceu<\/strong> inicia una temporada marcada por la <strong data-start=\"1941\" data-end=\"1966\">profundidad art\u00edstica<\/strong>, la <strong data-start=\"1971\" data-end=\"1988\">accesibilidad<\/strong> y el <strong data-start=\"1994\" data-end=\"2023\">compromiso con el p\u00fablico<\/strong>, consolidando la etapa final de Pons como <strong data-start=\"2066\" data-end=\"2086\">director titular<\/strong> de la orquesta.<\/p>\n","protected":false},"excerpt":{"rendered":"<p>El Gran Teatre del Liceu inaugura la temporada 2025-2026 con la producci\u00f3n de La zorrita astuta de Leo\u0161 Jan\u00e1\u010dek, bajo la direcci\u00f3n musical del maestro Josep Pons. La puesta en escena, firmada por Barrie Kosky (repasada por Andreas Weirich), reflexiona sobre el ciclo de la vida y la naturaleza, y se presenta sin entreactos, en&hellip;&nbsp;<a href=\"https:\/\/www.joseppons.net\/es\/el-liceu-abre-la-temporada-2025-26-con-la-zorrita-astuta\/\" rel=\"bookmark\"><span class=\"screen-reader-text\">El Liceu abre la temporada 2025-26 con La zorrita astuta<\/span><\/a><\/p>\n","protected":false},"author":2,"featured_media":6345,"comment_status":"closed","ping_status":"closed","sticky":false,"template":"","format":"standard","meta":{"_acf_changed":false,"neve_meta_sidebar":"","neve_meta_container":"","neve_meta_enable_content_width":"off","neve_meta_content_width":100,"neve_meta_title_alignment":"","neve_meta_author_avatar":"","neve_post_elements_order":"","neve_meta_disable_header":"","neve_meta_disable_footer":"","neve_meta_disable_title":"","footnotes":""},"categories":[],"tags":[],"class_list":["post-6350","post","type-post","status-publish","format-standard","has-post-thumbnail","hentry"],"acf":[],"yoast_head":"<!-- This site is optimized with the Yoast SEO plugin v26.2 - https:\/\/yoast.com\/wordpress\/plugins\/seo\/ -->\n<title>El Liceu abre la temporada 2025-26 con La zorrita astuta | JOSEP PONS<\/title>\n<meta name=\"robots\" content=\"index, follow, max-snippet:-1, max-image-preview:large, max-video-preview:-1\" \/>\n<link rel=\"canonical\" href=\"https:\/\/www.joseppons.net\/es\/el-liceu-abre-la-temporada-2025-26-con-la-zorrita-astuta\/\" \/>\n<meta property=\"og:locale\" content=\"es_ES\" \/>\n<meta property=\"og:type\" content=\"article\" \/>\n<meta property=\"og:title\" content=\"El Liceu abre la temporada 2025-26 con La zorrita astuta | JOSEP PONS\" \/>\n<meta property=\"og:description\" content=\"El Gran Teatre del Liceu inaugura la temporada 2025-2026 con la producci\u00f3n de La zorrita astuta de Leo\u0161 Jan\u00e1\u010dek, bajo la direcci\u00f3n musical del maestro Josep Pons. La puesta en escena, firmada por Barrie Kosky (repasada por Andreas Weirich), reflexiona sobre el ciclo de la vida y la naturaleza, y se presenta sin entreactos, en&hellip;&nbsp;El Liceu abre la temporada 2025-26 con La zorrita astuta\" \/>\n<meta property=\"og:url\" content=\"https:\/\/www.joseppons.net\/es\/el-liceu-abre-la-temporada-2025-26-con-la-zorrita-astuta\/\" \/>\n<meta property=\"og:site_name\" content=\"JOSEP PONS\" \/>\n<meta property=\"article:publisher\" content=\"https:\/\/www.facebook.com\/people\/Josep-Pons\/\" \/>\n<meta property=\"article:published_time\" content=\"2025-09-15T09:53:30+00:00\" \/>\n<meta property=\"article:modified_time\" content=\"2025-12-02T08:49:23+00:00\" \/>\n<meta property=\"og:image\" content=\"https:\/\/www.joseppons.net\/wp-content\/uploads\/2025\/11\/K3BJRBUJQBBILBNDN7ZSMJMVNE.jpg\" \/>\n\t<meta property=\"og:image:width\" content=\"1960\" \/>\n\t<meta property=\"og:image:height\" content=\"1187\" \/>\n\t<meta property=\"og:image:type\" content=\"image\/jpeg\" \/>\n<meta name=\"author\" content=\"Amadeu Pons\" \/>\n<meta name=\"twitter:card\" content=\"summary_large_image\" \/>\n<meta name=\"twitter:label1\" content=\"Escrito por\" \/>\n\t<meta name=\"twitter:data1\" content=\"Amadeu Pons\" \/>\n\t<meta name=\"twitter:label2\" content=\"Tiempo de lectura\" \/>\n\t<meta name=\"twitter:data2\" content=\"1 minuto\" \/>\n<script type=\"application\/ld+json\" class=\"yoast-schema-graph\">{\"@context\":\"https:\/\/schema.org\",\"@graph\":[{\"@type\":\"Article\",\"@id\":\"https:\/\/www.joseppons.net\/es\/el-liceu-abre-la-temporada-2025-26-con-la-zorrita-astuta\/#article\",\"isPartOf\":{\"@id\":\"https:\/\/www.joseppons.net\/es\/el-liceu-abre-la-temporada-2025-26-con-la-zorrita-astuta\/\"},\"author\":{\"name\":\"Amadeu Pons\",\"@id\":\"https:\/\/www.joseppons.net\/es\/#\/schema\/person\/44d407be23690ad07475cef0d678fd26\"},\"headline\":\"El Liceu abre la temporada 2025-26 con La zorrita astuta\",\"datePublished\":\"2025-09-15T09:53:30+00:00\",\"dateModified\":\"2025-12-02T08:49:23+00:00\",\"mainEntityOfPage\":{\"@id\":\"https:\/\/www.joseppons.net\/es\/el-liceu-abre-la-temporada-2025-26-con-la-zorrita-astuta\/\"},\"wordCount\":143,\"publisher\":{\"@id\":\"https:\/\/www.joseppons.net\/es\/#organization\"},\"image\":{\"@id\":\"https:\/\/www.joseppons.net\/es\/el-liceu-abre-la-temporada-2025-26-con-la-zorrita-astuta\/#primaryimage\"},\"thumbnailUrl\":\"https:\/\/www.joseppons.net\/wp-content\/uploads\/2025\/11\/K3BJRBUJQBBILBNDN7ZSMJMVNE.jpg\",\"inLanguage\":\"es\"},{\"@type\":\"WebPage\",\"@id\":\"https:\/\/www.joseppons.net\/es\/el-liceu-abre-la-temporada-2025-26-con-la-zorrita-astuta\/\",\"url\":\"https:\/\/www.joseppons.net\/es\/el-liceu-abre-la-temporada-2025-26-con-la-zorrita-astuta\/\",\"name\":\"El Liceu abre la temporada 2025-26 con La zorrita astuta | JOSEP PONS\",\"isPartOf\":{\"@id\":\"https:\/\/www.joseppons.net\/es\/#website\"},\"primaryImageOfPage\":{\"@id\":\"https:\/\/www.joseppons.net\/es\/el-liceu-abre-la-temporada-2025-26-con-la-zorrita-astuta\/#primaryimage\"},\"image\":{\"@id\":\"https:\/\/www.joseppons.net\/es\/el-liceu-abre-la-temporada-2025-26-con-la-zorrita-astuta\/#primaryimage\"},\"thumbnailUrl\":\"https:\/\/www.joseppons.net\/wp-content\/uploads\/2025\/11\/K3BJRBUJQBBILBNDN7ZSMJMVNE.jpg\",\"datePublished\":\"2025-09-15T09:53:30+00:00\",\"dateModified\":\"2025-12-02T08:49:23+00:00\",\"breadcrumb\":{\"@id\":\"https:\/\/www.joseppons.net\/es\/el-liceu-abre-la-temporada-2025-26-con-la-zorrita-astuta\/#breadcrumb\"},\"inLanguage\":\"es\",\"potentialAction\":[{\"@type\":\"ReadAction\",\"target\":[\"https:\/\/www.joseppons.net\/es\/el-liceu-abre-la-temporada-2025-26-con-la-zorrita-astuta\/\"]}]},{\"@type\":\"ImageObject\",\"inLanguage\":\"es\",\"@id\":\"https:\/\/www.joseppons.net\/es\/el-liceu-abre-la-temporada-2025-26-con-la-zorrita-astuta\/#primaryimage\",\"url\":\"https:\/\/www.joseppons.net\/wp-content\/uploads\/2025\/11\/K3BJRBUJQBBILBNDN7ZSMJMVNE.jpg\",\"contentUrl\":\"https:\/\/www.joseppons.net\/wp-content\/uploads\/2025\/11\/K3BJRBUJQBBILBNDN7ZSMJMVNE.jpg\",\"width\":1960,\"height\":1187},{\"@type\":\"BreadcrumbList\",\"@id\":\"https:\/\/www.joseppons.net\/es\/el-liceu-abre-la-temporada-2025-26-con-la-zorrita-astuta\/#breadcrumb\",\"itemListElement\":[{\"@type\":\"ListItem\",\"position\":1,\"name\":\"Inici\",\"item\":\"https:\/\/www.joseppons.net\/es\/\"},{\"@type\":\"ListItem\",\"position\":2,\"name\":\"El Liceu abre la temporada 2025-26 con La zorrita astuta\"}]},{\"@type\":\"WebSite\",\"@id\":\"https:\/\/www.joseppons.net\/es\/#website\",\"url\":\"https:\/\/www.joseppons.net\/es\/\",\"name\":\"JOSEP PONS\",\"description\":\"Comprom\u00e8s amb la m\u00fasica\",\"publisher\":{\"@id\":\"https:\/\/www.joseppons.net\/es\/#organization\"},\"alternateName\":\"JOSEP PONS\",\"potentialAction\":[{\"@type\":\"SearchAction\",\"target\":{\"@type\":\"EntryPoint\",\"urlTemplate\":\"https:\/\/www.joseppons.net\/es\/?s={search_term_string}\"},\"query-input\":{\"@type\":\"PropertyValueSpecification\",\"valueRequired\":true,\"valueName\":\"search_term_string\"}}],\"inLanguage\":\"es\"},{\"@type\":\"Organization\",\"@id\":\"https:\/\/www.joseppons.net\/es\/#organization\",\"name\":\"JOSEP PONS\",\"alternateName\":\"JOSEP PONS\",\"url\":\"https:\/\/www.joseppons.net\/es\/\",\"logo\":{\"@type\":\"ImageObject\",\"inLanguage\":\"es\",\"@id\":\"https:\/\/www.joseppons.net\/es\/#\/schema\/logo\/image\/\",\"url\":\"https:\/\/www.joseppons.net\/wp-content\/uploads\/2025\/06\/cropped-favicon-jp.png\",\"contentUrl\":\"https:\/\/www.joseppons.net\/wp-content\/uploads\/2025\/06\/cropped-favicon-jp.png\",\"width\":512,\"height\":512,\"caption\":\"JOSEP PONS\"},\"image\":{\"@id\":\"https:\/\/www.joseppons.net\/es\/#\/schema\/logo\/image\/\"},\"sameAs\":[\"https:\/\/www.facebook.com\/people\/Josep-Pons\/\",\"https:\/\/www.instagram.com\/josepponsconductor\/\",\"https:\/\/x.com\/ConductorPons\",\"https:\/\/open.spotify.com\/artist\/1TlFTSPL1hXKUTjHIqqFvV\",\"https:\/\/music.apple.com\/es\/artist\/josep-pons\/205799774\"]},{\"@type\":\"Person\",\"@id\":\"https:\/\/www.joseppons.net\/es\/#\/schema\/person\/44d407be23690ad07475cef0d678fd26\",\"name\":\"Amadeu Pons\",\"image\":{\"@type\":\"ImageObject\",\"inLanguage\":\"es\",\"@id\":\"https:\/\/www.joseppons.net\/es\/#\/schema\/person\/image\/\",\"url\":\"https:\/\/secure.gravatar.com\/avatar\/078038e762010f124d375175896abb6bf034ab0d68d04c21c95806849bf0b094?s=96&d=mm&r=g\",\"contentUrl\":\"https:\/\/secure.gravatar.com\/avatar\/078038e762010f124d375175896abb6bf034ab0d68d04c21c95806849bf0b094?s=96&d=mm&r=g\",\"caption\":\"Amadeu Pons\"}}]}<\/script>\n<!-- \/ Yoast SEO plugin. -->","yoast_head_json":{"title":"El Liceu abre la temporada 2025-26 con La zorrita astuta | JOSEP PONS","robots":{"index":"index","follow":"follow","max-snippet":"max-snippet:-1","max-image-preview":"max-image-preview:large","max-video-preview":"max-video-preview:-1"},"canonical":"https:\/\/www.joseppons.net\/es\/el-liceu-abre-la-temporada-2025-26-con-la-zorrita-astuta\/","og_locale":"es_ES","og_type":"article","og_title":"El Liceu abre la temporada 2025-26 con La zorrita astuta | JOSEP PONS","og_description":"El Gran Teatre del Liceu inaugura la temporada 2025-2026 con la producci\u00f3n de La zorrita astuta de Leo\u0161 Jan\u00e1\u010dek, bajo la direcci\u00f3n musical del maestro Josep Pons. La puesta en escena, firmada por Barrie Kosky (repasada por Andreas Weirich), reflexiona sobre el ciclo de la vida y la naturaleza, y se presenta sin entreactos, en&hellip;&nbsp;El Liceu abre la temporada 2025-26 con La zorrita astuta","og_url":"https:\/\/www.joseppons.net\/es\/el-liceu-abre-la-temporada-2025-26-con-la-zorrita-astuta\/","og_site_name":"JOSEP PONS","article_publisher":"https:\/\/www.facebook.com\/people\/Josep-Pons\/","article_published_time":"2025-09-15T09:53:30+00:00","article_modified_time":"2025-12-02T08:49:23+00:00","og_image":[{"width":1960,"height":1187,"url":"https:\/\/www.joseppons.net\/wp-content\/uploads\/2025\/11\/K3BJRBUJQBBILBNDN7ZSMJMVNE.jpg","type":"image\/jpeg"}],"author":"Amadeu Pons","twitter_card":"summary_large_image","twitter_misc":{"Escrito por":"Amadeu Pons","Tiempo de lectura":"1 minuto"},"schema":{"@context":"https:\/\/schema.org","@graph":[{"@type":"Article","@id":"https:\/\/www.joseppons.net\/es\/el-liceu-abre-la-temporada-2025-26-con-la-zorrita-astuta\/#article","isPartOf":{"@id":"https:\/\/www.joseppons.net\/es\/el-liceu-abre-la-temporada-2025-26-con-la-zorrita-astuta\/"},"author":{"name":"Amadeu Pons","@id":"https:\/\/www.joseppons.net\/es\/#\/schema\/person\/44d407be23690ad07475cef0d678fd26"},"headline":"El Liceu abre la temporada 2025-26 con La zorrita astuta","datePublished":"2025-09-15T09:53:30+00:00","dateModified":"2025-12-02T08:49:23+00:00","mainEntityOfPage":{"@id":"https:\/\/www.joseppons.net\/es\/el-liceu-abre-la-temporada-2025-26-con-la-zorrita-astuta\/"},"wordCount":143,"publisher":{"@id":"https:\/\/www.joseppons.net\/es\/#organization"},"image":{"@id":"https:\/\/www.joseppons.net\/es\/el-liceu-abre-la-temporada-2025-26-con-la-zorrita-astuta\/#primaryimage"},"thumbnailUrl":"https:\/\/www.joseppons.net\/wp-content\/uploads\/2025\/11\/K3BJRBUJQBBILBNDN7ZSMJMVNE.jpg","inLanguage":"es"},{"@type":"WebPage","@id":"https:\/\/www.joseppons.net\/es\/el-liceu-abre-la-temporada-2025-26-con-la-zorrita-astuta\/","url":"https:\/\/www.joseppons.net\/es\/el-liceu-abre-la-temporada-2025-26-con-la-zorrita-astuta\/","name":"El Liceu abre la temporada 2025-26 con La zorrita astuta | JOSEP PONS","isPartOf":{"@id":"https:\/\/www.joseppons.net\/es\/#website"},"primaryImageOfPage":{"@id":"https:\/\/www.joseppons.net\/es\/el-liceu-abre-la-temporada-2025-26-con-la-zorrita-astuta\/#primaryimage"},"image":{"@id":"https:\/\/www.joseppons.net\/es\/el-liceu-abre-la-temporada-2025-26-con-la-zorrita-astuta\/#primaryimage"},"thumbnailUrl":"https:\/\/www.joseppons.net\/wp-content\/uploads\/2025\/11\/K3BJRBUJQBBILBNDN7ZSMJMVNE.jpg","datePublished":"2025-09-15T09:53:30+00:00","dateModified":"2025-12-02T08:49:23+00:00","breadcrumb":{"@id":"https:\/\/www.joseppons.net\/es\/el-liceu-abre-la-temporada-2025-26-con-la-zorrita-astuta\/#breadcrumb"},"inLanguage":"es","potentialAction":[{"@type":"ReadAction","target":["https:\/\/www.joseppons.net\/es\/el-liceu-abre-la-temporada-2025-26-con-la-zorrita-astuta\/"]}]},{"@type":"ImageObject","inLanguage":"es","@id":"https:\/\/www.joseppons.net\/es\/el-liceu-abre-la-temporada-2025-26-con-la-zorrita-astuta\/#primaryimage","url":"https:\/\/www.joseppons.net\/wp-content\/uploads\/2025\/11\/K3BJRBUJQBBILBNDN7ZSMJMVNE.jpg","contentUrl":"https:\/\/www.joseppons.net\/wp-content\/uploads\/2025\/11\/K3BJRBUJQBBILBNDN7ZSMJMVNE.jpg","width":1960,"height":1187},{"@type":"BreadcrumbList","@id":"https:\/\/www.joseppons.net\/es\/el-liceu-abre-la-temporada-2025-26-con-la-zorrita-astuta\/#breadcrumb","itemListElement":[{"@type":"ListItem","position":1,"name":"Inici","item":"https:\/\/www.joseppons.net\/es\/"},{"@type":"ListItem","position":2,"name":"El Liceu abre la temporada 2025-26 con La zorrita astuta"}]},{"@type":"WebSite","@id":"https:\/\/www.joseppons.net\/es\/#website","url":"https:\/\/www.joseppons.net\/es\/","name":"JOSEP PONS","description":"Comprom\u00e8s amb la m\u00fasica","publisher":{"@id":"https:\/\/www.joseppons.net\/es\/#organization"},"alternateName":"JOSEP PONS","potentialAction":[{"@type":"SearchAction","target":{"@type":"EntryPoint","urlTemplate":"https:\/\/www.joseppons.net\/es\/?s={search_term_string}"},"query-input":{"@type":"PropertyValueSpecification","valueRequired":true,"valueName":"search_term_string"}}],"inLanguage":"es"},{"@type":"Organization","@id":"https:\/\/www.joseppons.net\/es\/#organization","name":"JOSEP PONS","alternateName":"JOSEP PONS","url":"https:\/\/www.joseppons.net\/es\/","logo":{"@type":"ImageObject","inLanguage":"es","@id":"https:\/\/www.joseppons.net\/es\/#\/schema\/logo\/image\/","url":"https:\/\/www.joseppons.net\/wp-content\/uploads\/2025\/06\/cropped-favicon-jp.png","contentUrl":"https:\/\/www.joseppons.net\/wp-content\/uploads\/2025\/06\/cropped-favicon-jp.png","width":512,"height":512,"caption":"JOSEP PONS"},"image":{"@id":"https:\/\/www.joseppons.net\/es\/#\/schema\/logo\/image\/"},"sameAs":["https:\/\/www.facebook.com\/people\/Josep-Pons\/","https:\/\/www.instagram.com\/josepponsconductor\/","https:\/\/x.com\/ConductorPons","https:\/\/open.spotify.com\/artist\/1TlFTSPL1hXKUTjHIqqFvV","https:\/\/music.apple.com\/es\/artist\/josep-pons\/205799774"]},{"@type":"Person","@id":"https:\/\/www.joseppons.net\/es\/#\/schema\/person\/44d407be23690ad07475cef0d678fd26","name":"Amadeu Pons","image":{"@type":"ImageObject","inLanguage":"es","@id":"https:\/\/www.joseppons.net\/es\/#\/schema\/person\/image\/","url":"https:\/\/secure.gravatar.com\/avatar\/078038e762010f124d375175896abb6bf034ab0d68d04c21c95806849bf0b094?s=96&d=mm&r=g","contentUrl":"https:\/\/secure.gravatar.com\/avatar\/078038e762010f124d375175896abb6bf034ab0d68d04c21c95806849bf0b094?s=96&d=mm&r=g","caption":"Amadeu Pons"}}]}},"_links":{"self":[{"href":"https:\/\/www.joseppons.net\/es\/wp-json\/wp\/v2\/posts\/6350","targetHints":{"allow":["GET"]}}],"collection":[{"href":"https:\/\/www.joseppons.net\/es\/wp-json\/wp\/v2\/posts"}],"about":[{"href":"https:\/\/www.joseppons.net\/es\/wp-json\/wp\/v2\/types\/post"}],"author":[{"embeddable":true,"href":"https:\/\/www.joseppons.net\/es\/wp-json\/wp\/v2\/users\/2"}],"replies":[{"embeddable":true,"href":"https:\/\/www.joseppons.net\/es\/wp-json\/wp\/v2\/comments?post=6350"}],"version-history":[{"count":1,"href":"https:\/\/www.joseppons.net\/es\/wp-json\/wp\/v2\/posts\/6350\/revisions"}],"predecessor-version":[{"id":6351,"href":"https:\/\/www.joseppons.net\/es\/wp-json\/wp\/v2\/posts\/6350\/revisions\/6351"}],"wp:featuredmedia":[{"embeddable":true,"href":"https:\/\/www.joseppons.net\/es\/wp-json\/wp\/v2\/media\/6345"}],"wp:attachment":[{"href":"https:\/\/www.joseppons.net\/es\/wp-json\/wp\/v2\/media?parent=6350"}],"wp:term":[{"taxonomy":"category","embeddable":true,"href":"https:\/\/www.joseppons.net\/es\/wp-json\/wp\/v2\/categories?post=6350"},{"taxonomy":"post_tag","embeddable":true,"href":"https:\/\/www.joseppons.net\/es\/wp-json\/wp\/v2\/tags?post=6350"}],"curies":[{"name":"wp","href":"https:\/\/api.w.org\/{rel}","templated":true}]}}