{"id":6374,"date":"2025-11-05T12:15:08","date_gmt":"2025-11-05T11:15:08","guid":{"rendered":"https:\/\/www.joseppons.net\/?p=6374"},"modified":"2025-11-05T12:16:40","modified_gmt":"2025-11-05T11:16:40","slug":"josep-pons-recibe-la-medalla-de-oro-artistica-del-gran-teatre-del-liceu-2025","status":"publish","type":"post","link":"https:\/\/www.joseppons.net\/es\/josep-pons-recibe-la-medalla-de-oro-artistica-del-gran-teatre-del-liceu-2025\/","title":{"rendered":"Josep Pons recibe la Medalla de Oro Art\u00edstica del Gran Teatre del Liceu 2025"},"content":{"rendered":"<p data-start=\"1355\" data-end=\"1618\">El Gran Teatre del Liceu ha concedido al maestro <strong data-start=\"1404\" data-end=\"1418\">Josep Pons<\/strong> su <strong data-start=\"1422\" data-end=\"1455\">Medalla de Oro Art\u00edstica 2025<\/strong>, el m\u00e1s alto reconocimiento institucional del teatro, en homenaje a su trayectoria y a su destacada contribuci\u00f3n a la excelencia musical y art\u00edstica de la casa.<\/p>\n<p data-start=\"1620\" data-end=\"1900\">Desde 2012, Josep Pons ha estado al frente de la Orquesta y el Coro del Liceu, consolidando una etapa de esplendor art\u00edstico. Su direcci\u00f3n ha sido decisiva para definir una identidad sonora propia y para situar al Liceu entre los grandes referentes del mundo oper\u00edstico europeo.<\/p>\n<p data-start=\"1902\" data-end=\"2188\">El acto de entrega se celebrar\u00e1 el <strong data-start=\"1937\" data-end=\"1964\">17 de noviembre de 2025<\/strong> en el propio teatro. Con esta distinci\u00f3n, el Liceu reconoce la dedicaci\u00f3n, el talento y el legado de un maestro que ha sabido combinar tradici\u00f3n y modernidad, disciplina y emoci\u00f3n, en beneficio de la m\u00fasica y del p\u00fablico.<\/p>\n","protected":false},"excerpt":{"rendered":"<p>El Gran Teatre del Liceu ha concedido al maestro Josep Pons su Medalla de Oro Art\u00edstica 2025, el m\u00e1s alto reconocimiento institucional del teatro, en homenaje a su trayectoria y a su destacada contribuci\u00f3n a la excelencia musical y art\u00edstica de la casa. Desde 2012, Josep Pons ha estado al frente de la Orquesta y&hellip;&nbsp;<a href=\"https:\/\/www.joseppons.net\/es\/josep-pons-recibe-la-medalla-de-oro-artistica-del-gran-teatre-del-liceu-2025\/\" rel=\"bookmark\"><span class=\"screen-reader-text\">Josep Pons recibe la Medalla de Oro Art\u00edstica del Gran Teatre del Liceu 2025<\/span><\/a><\/p>\n","protected":false},"author":2,"featured_media":6370,"comment_status":"closed","ping_status":"closed","sticky":false,"template":"","format":"standard","meta":{"_acf_changed":false,"neve_meta_sidebar":"","neve_meta_container":"","neve_meta_enable_content_width":"off","neve_meta_content_width":100,"neve_meta_title_alignment":"","neve_meta_author_avatar":"","neve_post_elements_order":"","neve_meta_disable_header":"","neve_meta_disable_footer":"","neve_meta_disable_title":"","footnotes":""},"categories":[],"tags":[],"class_list":["post-6374","post","type-post","status-publish","format-standard","has-post-thumbnail","hentry"],"acf":[],"yoast_head":"<!-- This site is optimized with the Yoast SEO plugin v26.2 - https:\/\/yoast.com\/wordpress\/plugins\/seo\/ -->\n<title>Josep Pons recibe la Medalla de Oro Art\u00edstica del Gran Teatre del Liceu 2025 | JOSEP PONS<\/title>\n<meta name=\"robots\" content=\"index, follow, max-snippet:-1, max-image-preview:large, max-video-preview:-1\" \/>\n<link rel=\"canonical\" href=\"https:\/\/www.joseppons.net\/es\/josep-pons-recibe-la-medalla-de-oro-artistica-del-gran-teatre-del-liceu-2025\/\" \/>\n<meta property=\"og:locale\" content=\"es_ES\" \/>\n<meta property=\"og:type\" content=\"article\" \/>\n<meta property=\"og:title\" content=\"Josep Pons recibe la Medalla de Oro Art\u00edstica del Gran Teatre del Liceu 2025 | JOSEP PONS\" \/>\n<meta property=\"og:description\" content=\"El Gran Teatre del Liceu ha concedido al maestro Josep Pons su Medalla de Oro Art\u00edstica 2025, el m\u00e1s alto reconocimiento institucional del teatro, en homenaje a su trayectoria y a su destacada contribuci\u00f3n a la excelencia musical y art\u00edstica de la casa. Desde 2012, Josep Pons ha estado al frente de la Orquesta y&hellip;&nbsp;Josep Pons recibe la Medalla de Oro Art\u00edstica del Gran Teatre del Liceu 2025\" \/>\n<meta property=\"og:url\" content=\"https:\/\/www.joseppons.net\/es\/josep-pons-recibe-la-medalla-de-oro-artistica-del-gran-teatre-del-liceu-2025\/\" \/>\n<meta property=\"og:site_name\" content=\"JOSEP PONS\" \/>\n<meta property=\"article:publisher\" content=\"https:\/\/www.facebook.com\/people\/Josep-Pons\/\" \/>\n<meta property=\"article:published_time\" content=\"2025-11-05T11:15:08+00:00\" \/>\n<meta property=\"article:modified_time\" content=\"2025-11-05T11:16:40+00:00\" \/>\n<meta property=\"og:image\" content=\"https:\/\/www.joseppons.net\/wp-content\/uploads\/2025\/11\/Medalla_liceuok.jpg\" \/>\n\t<meta property=\"og:image:width\" content=\"850\" \/>\n\t<meta property=\"og:image:height\" content=\"567\" \/>\n\t<meta property=\"og:image:type\" content=\"image\/jpeg\" \/>\n<meta name=\"author\" content=\"Amadeu Pons\" \/>\n<meta name=\"twitter:card\" content=\"summary_large_image\" \/>\n<meta name=\"twitter:label1\" content=\"Escrito por\" \/>\n\t<meta name=\"twitter:data1\" content=\"Amadeu Pons\" \/>\n\t<meta name=\"twitter:label2\" content=\"Tiempo de lectura\" \/>\n\t<meta name=\"twitter:data2\" content=\"1 minuto\" \/>\n<script type=\"application\/ld+json\" class=\"yoast-schema-graph\">{\"@context\":\"https:\/\/schema.org\",\"@graph\":[{\"@type\":\"Article\",\"@id\":\"https:\/\/www.joseppons.net\/es\/josep-pons-recibe-la-medalla-de-oro-artistica-del-gran-teatre-del-liceu-2025\/#article\",\"isPartOf\":{\"@id\":\"https:\/\/www.joseppons.net\/es\/josep-pons-recibe-la-medalla-de-oro-artistica-del-gran-teatre-del-liceu-2025\/\"},\"author\":{\"name\":\"Amadeu Pons\",\"@id\":\"https:\/\/www.joseppons.net\/es\/#\/schema\/person\/44d407be23690ad07475cef0d678fd26\"},\"headline\":\"Josep Pons recibe la Medalla de Oro Art\u00edstica del Gran Teatre del Liceu 2025\",\"datePublished\":\"2025-11-05T11:15:08+00:00\",\"dateModified\":\"2025-11-05T11:16:40+00:00\",\"mainEntityOfPage\":{\"@id\":\"https:\/\/www.joseppons.net\/es\/josep-pons-recibe-la-medalla-de-oro-artistica-del-gran-teatre-del-liceu-2025\/\"},\"wordCount\":162,\"publisher\":{\"@id\":\"https:\/\/www.joseppons.net\/es\/#organization\"},\"image\":{\"@id\":\"https:\/\/www.joseppons.net\/es\/josep-pons-recibe-la-medalla-de-oro-artistica-del-gran-teatre-del-liceu-2025\/#primaryimage\"},\"thumbnailUrl\":\"https:\/\/www.joseppons.net\/wp-content\/uploads\/2025\/11\/Medalla_liceuok.jpg\",\"inLanguage\":\"es\"},{\"@type\":\"WebPage\",\"@id\":\"https:\/\/www.joseppons.net\/es\/josep-pons-recibe-la-medalla-de-oro-artistica-del-gran-teatre-del-liceu-2025\/\",\"url\":\"https:\/\/www.joseppons.net\/es\/josep-pons-recibe-la-medalla-de-oro-artistica-del-gran-teatre-del-liceu-2025\/\",\"name\":\"Josep Pons recibe la Medalla de Oro Art\u00edstica del Gran Teatre del Liceu 2025 | JOSEP PONS\",\"isPartOf\":{\"@id\":\"https:\/\/www.joseppons.net\/es\/#website\"},\"primaryImageOfPage\":{\"@id\":\"https:\/\/www.joseppons.net\/es\/josep-pons-recibe-la-medalla-de-oro-artistica-del-gran-teatre-del-liceu-2025\/#primaryimage\"},\"image\":{\"@id\":\"https:\/\/www.joseppons.net\/es\/josep-pons-recibe-la-medalla-de-oro-artistica-del-gran-teatre-del-liceu-2025\/#primaryimage\"},\"thumbnailUrl\":\"https:\/\/www.joseppons.net\/wp-content\/uploads\/2025\/11\/Medalla_liceuok.jpg\",\"datePublished\":\"2025-11-05T11:15:08+00:00\",\"dateModified\":\"2025-11-05T11:16:40+00:00\",\"breadcrumb\":{\"@id\":\"https:\/\/www.joseppons.net\/es\/josep-pons-recibe-la-medalla-de-oro-artistica-del-gran-teatre-del-liceu-2025\/#breadcrumb\"},\"inLanguage\":\"es\",\"potentialAction\":[{\"@type\":\"ReadAction\",\"target\":[\"https:\/\/www.joseppons.net\/es\/josep-pons-recibe-la-medalla-de-oro-artistica-del-gran-teatre-del-liceu-2025\/\"]}]},{\"@type\":\"ImageObject\",\"inLanguage\":\"es\",\"@id\":\"https:\/\/www.joseppons.net\/es\/josep-pons-recibe-la-medalla-de-oro-artistica-del-gran-teatre-del-liceu-2025\/#primaryimage\",\"url\":\"https:\/\/www.joseppons.net\/wp-content\/uploads\/2025\/11\/Medalla_liceuok.jpg\",\"contentUrl\":\"https:\/\/www.joseppons.net\/wp-content\/uploads\/2025\/11\/Medalla_liceuok.jpg\",\"width\":850,\"height\":567},{\"@type\":\"BreadcrumbList\",\"@id\":\"https:\/\/www.joseppons.net\/es\/josep-pons-recibe-la-medalla-de-oro-artistica-del-gran-teatre-del-liceu-2025\/#breadcrumb\",\"itemListElement\":[{\"@type\":\"ListItem\",\"position\":1,\"name\":\"Inici\",\"item\":\"https:\/\/www.joseppons.net\/es\/\"},{\"@type\":\"ListItem\",\"position\":2,\"name\":\"Josep Pons recibe la Medalla de Oro Art\u00edstica del Gran Teatre del Liceu 2025\"}]},{\"@type\":\"WebSite\",\"@id\":\"https:\/\/www.joseppons.net\/es\/#website\",\"url\":\"https:\/\/www.joseppons.net\/es\/\",\"name\":\"JOSEP PONS\",\"description\":\"Comprom\u00e8s amb la m\u00fasica\",\"publisher\":{\"@id\":\"https:\/\/www.joseppons.net\/es\/#organization\"},\"alternateName\":\"JOSEP PONS\",\"potentialAction\":[{\"@type\":\"SearchAction\",\"target\":{\"@type\":\"EntryPoint\",\"urlTemplate\":\"https:\/\/www.joseppons.net\/es\/?s={search_term_string}\"},\"query-input\":{\"@type\":\"PropertyValueSpecification\",\"valueRequired\":true,\"valueName\":\"search_term_string\"}}],\"inLanguage\":\"es\"},{\"@type\":\"Organization\",\"@id\":\"https:\/\/www.joseppons.net\/es\/#organization\",\"name\":\"JOSEP PONS\",\"alternateName\":\"JOSEP PONS\",\"url\":\"https:\/\/www.joseppons.net\/es\/\",\"logo\":{\"@type\":\"ImageObject\",\"inLanguage\":\"es\",\"@id\":\"https:\/\/www.joseppons.net\/es\/#\/schema\/logo\/image\/\",\"url\":\"https:\/\/www.joseppons.net\/wp-content\/uploads\/2025\/06\/cropped-favicon-jp.png\",\"contentUrl\":\"https:\/\/www.joseppons.net\/wp-content\/uploads\/2025\/06\/cropped-favicon-jp.png\",\"width\":512,\"height\":512,\"caption\":\"JOSEP PONS\"},\"image\":{\"@id\":\"https:\/\/www.joseppons.net\/es\/#\/schema\/logo\/image\/\"},\"sameAs\":[\"https:\/\/www.facebook.com\/people\/Josep-Pons\/\",\"https:\/\/www.instagram.com\/josepponsconductor\/\",\"https:\/\/x.com\/ConductorPons\",\"https:\/\/open.spotify.com\/artist\/1TlFTSPL1hXKUTjHIqqFvV\",\"https:\/\/music.apple.com\/es\/artist\/josep-pons\/205799774\"]},{\"@type\":\"Person\",\"@id\":\"https:\/\/www.joseppons.net\/es\/#\/schema\/person\/44d407be23690ad07475cef0d678fd26\",\"name\":\"Amadeu Pons\",\"image\":{\"@type\":\"ImageObject\",\"inLanguage\":\"es\",\"@id\":\"https:\/\/www.joseppons.net\/es\/#\/schema\/person\/image\/\",\"url\":\"https:\/\/secure.gravatar.com\/avatar\/078038e762010f124d375175896abb6bf034ab0d68d04c21c95806849bf0b094?s=96&d=mm&r=g\",\"contentUrl\":\"https:\/\/secure.gravatar.com\/avatar\/078038e762010f124d375175896abb6bf034ab0d68d04c21c95806849bf0b094?s=96&d=mm&r=g\",\"caption\":\"Amadeu Pons\"}}]}<\/script>\n<!-- \/ Yoast SEO plugin. -->","yoast_head_json":{"title":"Josep Pons recibe la Medalla de Oro Art\u00edstica del Gran Teatre del Liceu 2025 | JOSEP PONS","robots":{"index":"index","follow":"follow","max-snippet":"max-snippet:-1","max-image-preview":"max-image-preview:large","max-video-preview":"max-video-preview:-1"},"canonical":"https:\/\/www.joseppons.net\/es\/josep-pons-recibe-la-medalla-de-oro-artistica-del-gran-teatre-del-liceu-2025\/","og_locale":"es_ES","og_type":"article","og_title":"Josep Pons recibe la Medalla de Oro Art\u00edstica del Gran Teatre del Liceu 2025 | JOSEP PONS","og_description":"El Gran Teatre del Liceu ha concedido al maestro Josep Pons su Medalla de Oro Art\u00edstica 2025, el m\u00e1s alto reconocimiento institucional del teatro, en homenaje a su trayectoria y a su destacada contribuci\u00f3n a la excelencia musical y art\u00edstica de la casa. Desde 2012, Josep Pons ha estado al frente de la Orquesta y&hellip;&nbsp;Josep Pons recibe la Medalla de Oro Art\u00edstica del Gran Teatre del Liceu 2025","og_url":"https:\/\/www.joseppons.net\/es\/josep-pons-recibe-la-medalla-de-oro-artistica-del-gran-teatre-del-liceu-2025\/","og_site_name":"JOSEP PONS","article_publisher":"https:\/\/www.facebook.com\/people\/Josep-Pons\/","article_published_time":"2025-11-05T11:15:08+00:00","article_modified_time":"2025-11-05T11:16:40+00:00","og_image":[{"width":850,"height":567,"url":"https:\/\/www.joseppons.net\/wp-content\/uploads\/2025\/11\/Medalla_liceuok.jpg","type":"image\/jpeg"}],"author":"Amadeu Pons","twitter_card":"summary_large_image","twitter_misc":{"Escrito por":"Amadeu Pons","Tiempo de lectura":"1 minuto"},"schema":{"@context":"https:\/\/schema.org","@graph":[{"@type":"Article","@id":"https:\/\/www.joseppons.net\/es\/josep-pons-recibe-la-medalla-de-oro-artistica-del-gran-teatre-del-liceu-2025\/#article","isPartOf":{"@id":"https:\/\/www.joseppons.net\/es\/josep-pons-recibe-la-medalla-de-oro-artistica-del-gran-teatre-del-liceu-2025\/"},"author":{"name":"Amadeu Pons","@id":"https:\/\/www.joseppons.net\/es\/#\/schema\/person\/44d407be23690ad07475cef0d678fd26"},"headline":"Josep Pons recibe la Medalla de Oro Art\u00edstica del Gran Teatre del Liceu 2025","datePublished":"2025-11-05T11:15:08+00:00","dateModified":"2025-11-05T11:16:40+00:00","mainEntityOfPage":{"@id":"https:\/\/www.joseppons.net\/es\/josep-pons-recibe-la-medalla-de-oro-artistica-del-gran-teatre-del-liceu-2025\/"},"wordCount":162,"publisher":{"@id":"https:\/\/www.joseppons.net\/es\/#organization"},"image":{"@id":"https:\/\/www.joseppons.net\/es\/josep-pons-recibe-la-medalla-de-oro-artistica-del-gran-teatre-del-liceu-2025\/#primaryimage"},"thumbnailUrl":"https:\/\/www.joseppons.net\/wp-content\/uploads\/2025\/11\/Medalla_liceuok.jpg","inLanguage":"es"},{"@type":"WebPage","@id":"https:\/\/www.joseppons.net\/es\/josep-pons-recibe-la-medalla-de-oro-artistica-del-gran-teatre-del-liceu-2025\/","url":"https:\/\/www.joseppons.net\/es\/josep-pons-recibe-la-medalla-de-oro-artistica-del-gran-teatre-del-liceu-2025\/","name":"Josep Pons recibe la Medalla de Oro Art\u00edstica del Gran Teatre del Liceu 2025 | JOSEP PONS","isPartOf":{"@id":"https:\/\/www.joseppons.net\/es\/#website"},"primaryImageOfPage":{"@id":"https:\/\/www.joseppons.net\/es\/josep-pons-recibe-la-medalla-de-oro-artistica-del-gran-teatre-del-liceu-2025\/#primaryimage"},"image":{"@id":"https:\/\/www.joseppons.net\/es\/josep-pons-recibe-la-medalla-de-oro-artistica-del-gran-teatre-del-liceu-2025\/#primaryimage"},"thumbnailUrl":"https:\/\/www.joseppons.net\/wp-content\/uploads\/2025\/11\/Medalla_liceuok.jpg","datePublished":"2025-11-05T11:15:08+00:00","dateModified":"2025-11-05T11:16:40+00:00","breadcrumb":{"@id":"https:\/\/www.joseppons.net\/es\/josep-pons-recibe-la-medalla-de-oro-artistica-del-gran-teatre-del-liceu-2025\/#breadcrumb"},"inLanguage":"es","potentialAction":[{"@type":"ReadAction","target":["https:\/\/www.joseppons.net\/es\/josep-pons-recibe-la-medalla-de-oro-artistica-del-gran-teatre-del-liceu-2025\/"]}]},{"@type":"ImageObject","inLanguage":"es","@id":"https:\/\/www.joseppons.net\/es\/josep-pons-recibe-la-medalla-de-oro-artistica-del-gran-teatre-del-liceu-2025\/#primaryimage","url":"https:\/\/www.joseppons.net\/wp-content\/uploads\/2025\/11\/Medalla_liceuok.jpg","contentUrl":"https:\/\/www.joseppons.net\/wp-content\/uploads\/2025\/11\/Medalla_liceuok.jpg","width":850,"height":567},{"@type":"BreadcrumbList","@id":"https:\/\/www.joseppons.net\/es\/josep-pons-recibe-la-medalla-de-oro-artistica-del-gran-teatre-del-liceu-2025\/#breadcrumb","itemListElement":[{"@type":"ListItem","position":1,"name":"Inici","item":"https:\/\/www.joseppons.net\/es\/"},{"@type":"ListItem","position":2,"name":"Josep Pons recibe la Medalla de Oro Art\u00edstica del Gran Teatre del Liceu 2025"}]},{"@type":"WebSite","@id":"https:\/\/www.joseppons.net\/es\/#website","url":"https:\/\/www.joseppons.net\/es\/","name":"JOSEP PONS","description":"Comprom\u00e8s amb la m\u00fasica","publisher":{"@id":"https:\/\/www.joseppons.net\/es\/#organization"},"alternateName":"JOSEP PONS","potentialAction":[{"@type":"SearchAction","target":{"@type":"EntryPoint","urlTemplate":"https:\/\/www.joseppons.net\/es\/?s={search_term_string}"},"query-input":{"@type":"PropertyValueSpecification","valueRequired":true,"valueName":"search_term_string"}}],"inLanguage":"es"},{"@type":"Organization","@id":"https:\/\/www.joseppons.net\/es\/#organization","name":"JOSEP PONS","alternateName":"JOSEP PONS","url":"https:\/\/www.joseppons.net\/es\/","logo":{"@type":"ImageObject","inLanguage":"es","@id":"https:\/\/www.joseppons.net\/es\/#\/schema\/logo\/image\/","url":"https:\/\/www.joseppons.net\/wp-content\/uploads\/2025\/06\/cropped-favicon-jp.png","contentUrl":"https:\/\/www.joseppons.net\/wp-content\/uploads\/2025\/06\/cropped-favicon-jp.png","width":512,"height":512,"caption":"JOSEP PONS"},"image":{"@id":"https:\/\/www.joseppons.net\/es\/#\/schema\/logo\/image\/"},"sameAs":["https:\/\/www.facebook.com\/people\/Josep-Pons\/","https:\/\/www.instagram.com\/josepponsconductor\/","https:\/\/x.com\/ConductorPons","https:\/\/open.spotify.com\/artist\/1TlFTSPL1hXKUTjHIqqFvV","https:\/\/music.apple.com\/es\/artist\/josep-pons\/205799774"]},{"@type":"Person","@id":"https:\/\/www.joseppons.net\/es\/#\/schema\/person\/44d407be23690ad07475cef0d678fd26","name":"Amadeu Pons","image":{"@type":"ImageObject","inLanguage":"es","@id":"https:\/\/www.joseppons.net\/es\/#\/schema\/person\/image\/","url":"https:\/\/secure.gravatar.com\/avatar\/078038e762010f124d375175896abb6bf034ab0d68d04c21c95806849bf0b094?s=96&d=mm&r=g","contentUrl":"https:\/\/secure.gravatar.com\/avatar\/078038e762010f124d375175896abb6bf034ab0d68d04c21c95806849bf0b094?s=96&d=mm&r=g","caption":"Amadeu Pons"}}]}},"_links":{"self":[{"href":"https:\/\/www.joseppons.net\/es\/wp-json\/wp\/v2\/posts\/6374","targetHints":{"allow":["GET"]}}],"collection":[{"href":"https:\/\/www.joseppons.net\/es\/wp-json\/wp\/v2\/posts"}],"about":[{"href":"https:\/\/www.joseppons.net\/es\/wp-json\/wp\/v2\/types\/post"}],"author":[{"embeddable":true,"href":"https:\/\/www.joseppons.net\/es\/wp-json\/wp\/v2\/users\/2"}],"replies":[{"embeddable":true,"href":"https:\/\/www.joseppons.net\/es\/wp-json\/wp\/v2\/comments?post=6374"}],"version-history":[{"count":1,"href":"https:\/\/www.joseppons.net\/es\/wp-json\/wp\/v2\/posts\/6374\/revisions"}],"predecessor-version":[{"id":6375,"href":"https:\/\/www.joseppons.net\/es\/wp-json\/wp\/v2\/posts\/6374\/revisions\/6375"}],"wp:featuredmedia":[{"embeddable":true,"href":"https:\/\/www.joseppons.net\/es\/wp-json\/wp\/v2\/media\/6370"}],"wp:attachment":[{"href":"https:\/\/www.joseppons.net\/es\/wp-json\/wp\/v2\/media?parent=6374"}],"wp:term":[{"taxonomy":"category","embeddable":true,"href":"https:\/\/www.joseppons.net\/es\/wp-json\/wp\/v2\/categories?post=6374"},{"taxonomy":"post_tag","embeddable":true,"href":"https:\/\/www.joseppons.net\/es\/wp-json\/wp\/v2\/tags?post=6374"}],"curies":[{"name":"wp","href":"https:\/\/api.w.org\/{rel}","templated":true}]}}